{"id":144543,"date":"2015-10-20T20:53:30","date_gmt":"2015-10-20T18:53:30","guid":{"rendered":"http:\/\/www.fuldaer-nachrichten.de\/?p=144543"},"modified":"2016-02-10T22:34:01","modified_gmt":"2016-02-10T21:34:01","slug":"wildes-fulda-werke-von-henri-matisse-in-der-kinder-akademie-fulda","status":"publish","type":"post","link":"https:\/\/www.fuldaernachrichten.de\/?p=144543","title":{"rendered":"Wildes Fulda \u2013 Werke von Henri Matisse in der Kinder-Akademie Fulda"},"content":{"rendered":"<p>In der Kinder-Akademie Fulda werden vom 2. Oktober 2015 bis zum 31. Januar 2016 Werke des franz\u00f6sischen K\u00fcnstlers Henri Matisse ausgestellt. In einer umfassenden Einzelausstellung k\u00f6nnen Kunstliebhaber Radierungen, Lithographien und Zeichnungen des K\u00fcnstlers betrachten.<\/p>\n<p>Henri Matisse ist zusammen mit Pablo Picasso einer der bedeutendsten K\u00fcnstler der Klassischen Moderne. Der 1869 in Nordfrankreich geborene Maler gilt als Anf\u00fchrer der <a href=\"http:\/\/kurier.at\/kultur\/kunst\/matisse-und-die-fauves-man-nannte-sie-die-wilden-tiere\/27.489.049\">&#8220;Fauves&#8221;<\/a>, der &#8220;Wilden&#8221;, wie der Kunstkritiker Louis Vauxcelles nach einer Ausstellung im Jahr 1905 titelte \u2013 die von Matisse gepr\u00e4gte Stilrichtung wird entsprechend als Fauvismus bezeichnet. Mit der Hinwendung zu neuen Formen der Bildgestaltung revolutionierten die K\u00fcnstler um Matisse zu Beginn des 20. Jahrhunderts die Malerei.<\/p>\n<p>Inspiriert haben Henri Matisse vor allem der franz\u00f6sische K\u00fcstenort Collioure, <a href=\"http:\/\/www.zeit.de\/2013\/17\/marokko-tanger-henri-matisse\">die marokkanische Hafenstadt Tanger<\/a> und Nizza. Das Licht zog ihn in die Stadt an der Cote d&#8217;Azur, wo er ab 1918 einen Zweitwohnsitz hatte und bis zu seinem Tod im Jahre 1954 lebte. 1942 erkrankte Matisse an Magenkrebs. Aufgrund seiner Krankheit war er nicht mehr in der Lage, aufrecht zu stehen und den Pinsel korrekt zu f\u00fchren. Das zwang ihn dazu, seinen Stil grundlegend zu \u00e4ndern. Matisse wandte sich einer v\u00f6llig neuen Technik zu: den sogenannten &#8220;Gouache-Scherenschnitten&#8221;. Seine Scherenschnitte und Collagen sind in einem K\u00fcnstlerbuch mit dem Titel &#8220;Jazz&#8221; ver\u00f6ffentlicht.<\/p>\n<p>Auch gegenw\u00e4rtig gibt es K\u00fcnstler, deren Werke ihnen zu Recht den Ruf als &#8220;neue junge Wilde&#8221; einbringen. So k\u00f6nnen Kunstinteressierte beispielsweise <a href=\"http:\/\/www.lumas.de\/\">in der Editionsgalerie Lumas<\/a> in Frankfurt am Main Werke von <a href=\"http:\/\/www.welt.de\/regionales\/nrw\/article132857331\/Der-Meister-der-Strichmaennchen-wird-75-Jahre-alt.html\">A.R.Penck<\/a> und <a href=\"https:\/\/www.textezurkunst.de\/artist-editions\/markus-oehlen\/\">Markus Oehlen<\/a> zu bestaunen. Der Stil von A.R.Penck, der zu den wegweisenden zeitgen\u00f6ssischen K\u00fcnstlern geh\u00f6rt, spiegelt die Begeisterung des K\u00fcnstlers f\u00fcr die Ethnologie und die Arch\u00e4ologie wider. Die Werke von Markus Oehlen wiederum sind von seiner intensiven Besch\u00e4ftigung mit dem Punk und Wave gepr\u00e4gt.<\/p>\n<p><img decoding=\"async\" src=\"http:\/\/www.lumas.de\/fileadmin\/lumas_kuenstler_cache\/sized\/ar_penck_arp02_1600_1600.jpg\" alt=\"\" \/><\/p>\n<p>\u00c2\u00a9 A.R. Penck \u2013 Es kippt! (<a href=\"http:\/\/www.lumas.de\/pictures\/ar_penck\/es_kippt\/\">Lumas.de<\/a>)<\/p>\n","protected":false},"excerpt":{"rendered":"<div class=\"tmnf_excerpt\"><p>In der Kinder-Akademie Fulda werden vom 2. Oktober 2015 bis zum 31. Januar 2016 Werke des franz\u00f6sischen K\u00fcnstlers Henri Matisse ausgestellt. In einer umfassenden Einzelausstellung k\u00f6nnen Kunstliebhaber Radierungen, Lithographien und Zeichnungen des K\u00fcnstlers betrachten. Henri Matisse ist zusammen mit Pablo Picasso einer der bedeutendsten K\u00fcnstler der Klassischen Moderne. Der 1869 in Nordfrankreich geborene Maler gilt &hellip;<\/p>\n<\/div>","protected":false},"author":1,"featured_media":0,"comment_status":"closed","ping_status":"closed","sticky":false,"template":"","format":"standard","meta":{"footnotes":""},"categories":[1],"tags":[104,95,100],"class_list":["post-144543","post","type-post","status-publish","format-standard","hentry","category-startseite","tag-akm","tag-besonders-lesenswert","tag-g"],"_links":{"self":[{"href":"https:\/\/www.fuldaernachrichten.de\/index.php?rest_route=\/wp\/v2\/posts\/144543","targetHints":{"allow":["GET"]}}],"collection":[{"href":"https:\/\/www.fuldaernachrichten.de\/index.php?rest_route=\/wp\/v2\/posts"}],"about":[{"href":"https:\/\/www.fuldaernachrichten.de\/index.php?rest_route=\/wp\/v2\/types\/post"}],"author":[{"embeddable":true,"href":"https:\/\/www.fuldaernachrichten.de\/index.php?rest_route=\/wp\/v2\/users\/1"}],"replies":[{"embeddable":true,"href":"https:\/\/www.fuldaernachrichten.de\/index.php?rest_route=%2Fwp%2Fv2%2Fcomments&post=144543"}],"version-history":[{"count":1,"href":"https:\/\/www.fuldaernachrichten.de\/index.php?rest_route=\/wp\/v2\/posts\/144543\/revisions"}],"predecessor-version":[{"id":144544,"href":"https:\/\/www.fuldaernachrichten.de\/index.php?rest_route=\/wp\/v2\/posts\/144543\/revisions\/144544"}],"wp:attachment":[{"href":"https:\/\/www.fuldaernachrichten.de\/index.php?rest_route=%2Fwp%2Fv2%2Fmedia&parent=144543"}],"wp:term":[{"taxonomy":"category","embeddable":true,"href":"https:\/\/www.fuldaernachrichten.de\/index.php?rest_route=%2Fwp%2Fv2%2Fcategories&post=144543"},{"taxonomy":"post_tag","embeddable":true,"href":"https:\/\/www.fuldaernachrichten.de\/index.php?rest_route=%2Fwp%2Fv2%2Ftags&post=144543"}],"curies":[{"name":"wp","href":"https:\/\/api.w.org\/{rel}","templated":true}]}}