{"id":144504,"date":"2015-10-19T19:10:12","date_gmt":"2015-10-19T17:10:12","guid":{"rendered":"http:\/\/www.fuldaer-nachrichten.de\/?p=144504"},"modified":"2015-10-19T19:10:12","modified_gmt":"2015-10-19T17:10:12","slug":"birgit-koempel-zu-besuch-bei-speditions-geschaeftsfuehrer-claus-o-herzig","status":"publish","type":"post","link":"https:\/\/www.fuldaernachrichten.de\/?p=144504","title":{"rendered":"Birgit K\u00f6mpel zu Besuch bei Speditions-Gesch\u00e4ftsf\u00fchrer Claus-O. Herzig"},"content":{"rendered":"<p>Claus-O. Herzig ist bekannt als Gesch\u00e4ftsf\u00fchrer der Spedition Herzig. Doch dies sind nicht die einzigen Funktionen des umtriebigen Mannes. So ist er unter anderem Vorsitzender des Fachverbandes G\u00fcterkraftverkehr und Logistik Hessen e.V.,<br \/>\nzweiter Vorsitzender des ADAC-Hessen Th\u00fcringen und zweiter Vorsitzender der Kinder-Unfallhilfe Deutschland.<\/p>\n<p>Die SPD-Bundestagsabgeordnete Birgit K\u00f6mpel besuchte Gesch\u00e4ftsf\u00fchrer und Betrieb, der im Eichenzeller Industriegebiet angesiedelt ist.  30 Mitarbeiter sind bei der Spedition Herzig besch\u00e4ftigt, das traditionsreiche Unternehmen wurde im vergangenen Jahr 100 Jahre alt.<\/p>\n<p>Claus Herzig w\u00fcrde gerne mehr Personal einstellen. Doch er findet kein geeignetes. Es fehlen ihm im besonderen Ma\u00dfe Kraftfahrer. Fast die H\u00e4lfte seiner \u201eTrucker\u201c ist \u00e4lter als 50 Jahre alt. Birgit K\u00f6mpel will sich nun einsetzen, dass der Kraftfahrer beziehungsweise die Kraftfahrerin auf die Liste der Mangelberufe gesetzt wird. Steht eine Berufssparte auf dieser Liste, k\u00f6nnen Jobs schneller und unb\u00fcrokratischer vermittelt werden.<\/p>\n<p>Wichtig ist jedoch, dass Arbeitnehmerinnen und Arbeitnehmer die deutsche Sprache beherrschen. Dar\u00fcber waren sich K\u00f6mpel und Herzig einig. \u201eWas nutzt mir der beste Fahrer, wenn er gro\u00dfe Schwierigkeiten mit der Verst\u00e4ndigung hat\u201c, erkl\u00e4rt Herzig. <\/p>\n<p>Ein weiteres wichtiges Thema war die Sicherheit auf Deutschlands Stra\u00dfen. K\u00f6mpel ist in der SPD-Bundestagsfraktion f\u00fcr Verkehrssicherheit zust\u00e4ndig. \u201eDie Sicherheitssysteme in den Lkw sind heute unglaublich gut entwickelt\u201c, berichtet Claus Herzig, da kann eigentlich nicht viel passieren. Die schwersten Unf\u00e4lle mit Lkw seien in j\u00fcngster Zeit deshalb passiert, weil die Fahrer die Systeme abgeschaltet hatten.<\/p>\n<p>Weitere Themen waren die Auftraggeber-Haftung im Mindestlohngesetz und das neue Insolvenzrecht.<br \/>\nK\u00f6mpel und Herzig zeigten sich nach dem Treffen sehr erfreut \u00fcber den regen Gedankenaustausch. \u201eSolche Treffen sind f\u00fcr mich wichtig, weil ich im direkten Kontakt Probleme erfahre, die ich dann nach Berlin tragen kann\u201c, sagte Birgit K\u00f6mpel. Und Claus Herzig erg\u00e4nzte: \u201eIch wei\u00df schon seit langer Zeit, dass Frau K\u00f6mpel immer offen f\u00fcr Themen ist, die Wirtschaft und Verkehr betreffen.\u201c<\/p>\n","protected":false},"excerpt":{"rendered":"<div class=\"tmnf_excerpt\"><p>Claus-O. Herzig ist bekannt als Gesch\u00e4ftsf\u00fchrer der Spedition Herzig. Doch dies sind nicht die einzigen Funktionen des umtriebigen Mannes. So ist er unter anderem Vorsitzender des Fachverbandes G\u00fcterkraftverkehr und Logistik Hessen e.V., zweiter Vorsitzender des ADAC-Hessen Th\u00fcringen und zweiter Vorsitzender der Kinder-Unfallhilfe Deutschland. Die SPD-Bundestagsabgeordnete Birgit K\u00f6mpel besuchte Gesch\u00e4ftsf\u00fchrer und Betrieb, der im Eichenzeller Industriegebiet &hellip;<\/p>\n<\/div>","protected":false},"author":1,"featured_media":144526,"comment_status":"closed","ping_status":"closed","sticky":false,"template":"","format":"standard","meta":{"footnotes":""},"categories":[29],"tags":[],"class_list":["post-144504","post","type-post","status-publish","format-standard","has-post-thumbnail","hentry","category-politik"],"_links":{"self":[{"href":"https:\/\/www.fuldaernachrichten.de\/index.php?rest_route=\/wp\/v2\/posts\/144504","targetHints":{"allow":["GET"]}}],"collection":[{"href":"https:\/\/www.fuldaernachrichten.de\/index.php?rest_route=\/wp\/v2\/posts"}],"about":[{"href":"https:\/\/www.fuldaernachrichten.de\/index.php?rest_route=\/wp\/v2\/types\/post"}],"author":[{"embeddable":true,"href":"https:\/\/www.fuldaernachrichten.de\/index.php?rest_route=\/wp\/v2\/users\/1"}],"replies":[{"embeddable":true,"href":"https:\/\/www.fuldaernachrichten.de\/index.php?rest_route=%2Fwp%2Fv2%2Fcomments&post=144504"}],"version-history":[{"count":1,"href":"https:\/\/www.fuldaernachrichten.de\/index.php?rest_route=\/wp\/v2\/posts\/144504\/revisions"}],"predecessor-version":[{"id":144527,"href":"https:\/\/www.fuldaernachrichten.de\/index.php?rest_route=\/wp\/v2\/posts\/144504\/revisions\/144527"}],"wp:featuredmedia":[{"embeddable":true,"href":"https:\/\/www.fuldaernachrichten.de\/index.php?rest_route=\/wp\/v2\/media\/144526"}],"wp:attachment":[{"href":"https:\/\/www.fuldaernachrichten.de\/index.php?rest_route=%2Fwp%2Fv2%2Fmedia&parent=144504"}],"wp:term":[{"taxonomy":"category","embeddable":true,"href":"https:\/\/www.fuldaernachrichten.de\/index.php?rest_route=%2Fwp%2Fv2%2Fcategories&post=144504"},{"taxonomy":"post_tag","embeddable":true,"href":"https:\/\/www.fuldaernachrichten.de\/index.php?rest_route=%2Fwp%2Fv2%2Ftags&post=144504"}],"curies":[{"name":"wp","href":"https:\/\/api.w.org\/{rel}","templated":true}]}}