{"id":144419,"date":"2015-10-18T07:48:36","date_gmt":"2015-10-18T05:48:36","guid":{"rendered":"http:\/\/www.fuldaer-nachrichten.de\/?p=144419"},"modified":"2015-10-18T07:48:36","modified_gmt":"2015-10-18T05:48:36","slug":"mitsingen-auf-zeit-im-kirchenchor-tann","status":"publish","type":"post","link":"https:\/\/www.fuldaernachrichten.de\/?p=144419","title":{"rendered":"\u201eMitsingen auf Zeit\u201c im Kirchenchor Tann"},"content":{"rendered":"<p>Der Kirchenchor Tann l\u00e4dt wieder zum \u201eMitsingen auf Zeit\u201c ein. Dieses Angebot richtet sich an S\u00e4ngerinnen und S\u00e4nger, die sich nicht auf Dauer an ein Ensemble binden k\u00f6nnen, aber in einer kompakten Probenphase ein Programm f\u00fcr die Gottesdienste und Konzerte der Advents- und Weihnachtszeit erarbeiten m\u00f6chten:<\/p>\n<p>Sonntag, 29. November 2015: Gottesdienst zum 1. Advent in der Stadtkirche<br \/>\nSonntag, 6. Dezember 2015: Konzerte am 2. Advent<br \/>\nDonnerstag, 24. Dezember 2015: Gottesdienst am Heiligabend in der Stadtkirche<\/p>\n<p>Die Proben finden an den Montagen im November und Dezember jeweils um 19:30 Uhr in der Aula des Hauses \u201eNoah\u201c (Rh\u00f6nstra\u00dfe 28) statt:<br \/>\nNovember: 2., 9., 16., 23., 30.<br \/>\nDezember: 7., 14., 21.<\/p>\n<p>Auf dem Programm stehen Werke englischer Komponisten zur Advents- und Weihnachtszeit, u.a. von Georg Friedrich H\u00e4ndel, John Rutter, Richard Shepherd, Christopher Tambling u.a.<\/p>\n<p>Beim \u201eMitsingen auf Zeit\u201c kann grunds\u00e4tzlich jeder mitmachen, der auch die Proben besuchen kann. Notenkenntnisse sind von Vorteil, aber nicht zwingend erforderlich. Auf Wunsch werden die Noten vorab zugeschickt.<\/p>\n<p>Infos gibt, Fragen beantwortet und Anmeldungen nimmt Susanna Leubecher entgegen \u00fcber Telefon (06682-8966) und eMail (Kirchenchor.Tann@gmx.de). Die musikalische Leitung hat Thomas N\u00fcdling.<\/p>\n","protected":false},"excerpt":{"rendered":"<div class=\"tmnf_excerpt\"><p>Der Kirchenchor Tann l\u00e4dt wieder zum \u201eMitsingen auf Zeit\u201c ein. Dieses Angebot richtet sich an S\u00e4ngerinnen und S\u00e4nger, die sich nicht auf Dauer an ein Ensemble binden k\u00f6nnen, aber in einer kompakten Probenphase ein Programm f\u00fcr die Gottesdienste und Konzerte der Advents- und Weihnachtszeit erarbeiten m\u00f6chten: Sonntag, 29. November 2015: Gottesdienst zum 1. Advent in &hellip;<\/p>\n<\/div>","protected":false},"author":1,"featured_media":144428,"comment_status":"closed","ping_status":"closed","sticky":false,"template":"","format":"standard","meta":{"footnotes":""},"categories":[1],"tags":[],"class_list":["post-144419","post","type-post","status-publish","format-standard","has-post-thumbnail","hentry","category-startseite"],"_links":{"self":[{"href":"https:\/\/www.fuldaernachrichten.de\/index.php?rest_route=\/wp\/v2\/posts\/144419","targetHints":{"allow":["GET"]}}],"collection":[{"href":"https:\/\/www.fuldaernachrichten.de\/index.php?rest_route=\/wp\/v2\/posts"}],"about":[{"href":"https:\/\/www.fuldaernachrichten.de\/index.php?rest_route=\/wp\/v2\/types\/post"}],"author":[{"embeddable":true,"href":"https:\/\/www.fuldaernachrichten.de\/index.php?rest_route=\/wp\/v2\/users\/1"}],"replies":[{"embeddable":true,"href":"https:\/\/www.fuldaernachrichten.de\/index.php?rest_route=%2Fwp%2Fv2%2Fcomments&post=144419"}],"version-history":[{"count":1,"href":"https:\/\/www.fuldaernachrichten.de\/index.php?rest_route=\/wp\/v2\/posts\/144419\/revisions"}],"predecessor-version":[{"id":144427,"href":"https:\/\/www.fuldaernachrichten.de\/index.php?rest_route=\/wp\/v2\/posts\/144419\/revisions\/144427"}],"wp:featuredmedia":[{"embeddable":true,"href":"https:\/\/www.fuldaernachrichten.de\/index.php?rest_route=\/wp\/v2\/media\/144428"}],"wp:attachment":[{"href":"https:\/\/www.fuldaernachrichten.de\/index.php?rest_route=%2Fwp%2Fv2%2Fmedia&parent=144419"}],"wp:term":[{"taxonomy":"category","embeddable":true,"href":"https:\/\/www.fuldaernachrichten.de\/index.php?rest_route=%2Fwp%2Fv2%2Fcategories&post=144419"},{"taxonomy":"post_tag","embeddable":true,"href":"https:\/\/www.fuldaernachrichten.de\/index.php?rest_route=%2Fwp%2Fv2%2Ftags&post=144419"}],"curies":[{"name":"wp","href":"https:\/\/api.w.org\/{rel}","templated":true}]}}