{"id":144409,"date":"2015-10-17T08:07:54","date_gmt":"2015-10-17T06:07:54","guid":{"rendered":"http:\/\/www.fuldaer-nachrichten.de\/?p=144409"},"modified":"2015-10-17T08:07:54","modified_gmt":"2015-10-17T06:07:54","slug":"karriere-abend-bei-rs-bot-gelegenheit-fu%cc%88r-intensive-gespraeche-betriebsbesichtigung-und-technikparcours-kamen-bei-den-besuchern-bestens","status":"publish","type":"post","link":"https:\/\/www.fuldaernachrichten.de\/?p=144409","title":{"rendered":"Karriere-Abend bei R+S bot Gelegenheit fu\u00cc\u02c6r intensive Gespr\u00e4che Betriebsbesichtigung und Technikparcours kamen bei den Besuchern bestens"},"content":{"rendered":"<p>Besonders die technisch-gewerblichen Berufe wie Elektroniker, Anlagenmechaniker oder Technischer Systemplaner standen im Mittelpunkt des gut besuchten Karriere-Abends von R+S, der am Donnerstag unter dem Motto \u201eWiR+Suchen Verst\u00e4rkung\u201c in der Bildungsakademie stattgefunden hatte. Die Fuldaer Unternehmensgruppe bot dabei Schu\u00cc\u02c6lerinnen und Schu\u00cc\u02c6lern in der Berufsorientierung, aber auch Fachkr\u00e4ften die M\u00f6glichkeit, sich u\u00cc\u02c6ber ganz individuelle Karrierewege zu informieren.<\/p>\n<p>\u201eDie Besucher nutzten gerne das Angebot, unsere Abteilungsleiter und Azubis kennenzulernen \u2013 nach der Betriebsbesichtigung gab es genu\u00cc\u02c6gend Zeit fu\u00cc\u02c6r intensive Fachgespr\u00e4che\u201c, berichtet R+S-Personalreferentin Katja Martini erfreut. Auch der angebotene Technikparcours wurde von den Anwesenden durchlaufen. \u201eAlle haben die Aufgaben sehr gut gemeistert, handwerkliches Geschick war durchaus vorhanden\u201c, betont Christopher Krause, Mitarbeiter im Ausbildungswesen.<\/p>\n<p>Und so nahm das R+S-Team am Ende des Abends gerne die Bewerbungen der Teilnehmer entgegen. \u201eDie meisten Besucher haben ihre Unterlagen direkt hinterlassen\u201c, so Katja Martini.<\/p>\n<p>Zum Ausbildungsstart 2016 sind bei R+S noch Ausbildungspl\u00e4tze in folgenden Berufen (m\/w) frei: Elektroniker Energie- und Geb\u00e4udetechnik, Elektroniker Informations- und Telekommunikationstechnik, Elektroniker Betriebstechnik, Anlagenmechaniker Sanit\u00e4r-, Heizungs- und Klimatechnik, Technischer Systemplaner, Fachrichtung Elektrotechnische Systeme, Fachkraft fu\u00cc\u02c6r Lagerlogistik, Kaufleute fu\u00cc\u02c6r Bu\u00cc\u02c6romanagement.<\/p>\n<p>Weitere Informationen und aktuelle offene Stellen finden Sie unter www.rs-karriere.net.<\/p>\n","protected":false},"excerpt":{"rendered":"<div class=\"tmnf_excerpt\"><p>Besonders die technisch-gewerblichen Berufe wie Elektroniker, Anlagenmechaniker oder Technischer Systemplaner standen im Mittelpunkt des gut besuchten Karriere-Abends von R+S, der am Donnerstag unter dem Motto \u201eWiR+Suchen Verst\u00e4rkung\u201c in der Bildungsakademie stattgefunden hatte. Die Fuldaer Unternehmensgruppe bot dabei Schu\u00cc\u02c6lerinnen und Schu\u00cc\u02c6lern in der Berufsorientierung, aber auch Fachkr\u00e4ften die M\u00f6glichkeit, sich u\u00cc\u02c6ber ganz individuelle Karrierewege zu informieren. &hellip;<\/p>\n<\/div>","protected":false},"author":1,"featured_media":0,"comment_status":"closed","ping_status":"closed","sticky":false,"template":"","format":"standard","meta":{"footnotes":""},"categories":[53],"tags":[],"class_list":["post-144409","post","type-post","status-publish","format-standard","hentry","category-bildung"],"_links":{"self":[{"href":"https:\/\/www.fuldaernachrichten.de\/index.php?rest_route=\/wp\/v2\/posts\/144409","targetHints":{"allow":["GET"]}}],"collection":[{"href":"https:\/\/www.fuldaernachrichten.de\/index.php?rest_route=\/wp\/v2\/posts"}],"about":[{"href":"https:\/\/www.fuldaernachrichten.de\/index.php?rest_route=\/wp\/v2\/types\/post"}],"author":[{"embeddable":true,"href":"https:\/\/www.fuldaernachrichten.de\/index.php?rest_route=\/wp\/v2\/users\/1"}],"replies":[{"embeddable":true,"href":"https:\/\/www.fuldaernachrichten.de\/index.php?rest_route=%2Fwp%2Fv2%2Fcomments&post=144409"}],"version-history":[{"count":1,"href":"https:\/\/www.fuldaernachrichten.de\/index.php?rest_route=\/wp\/v2\/posts\/144409\/revisions"}],"predecessor-version":[{"id":144414,"href":"https:\/\/www.fuldaernachrichten.de\/index.php?rest_route=\/wp\/v2\/posts\/144409\/revisions\/144414"}],"wp:attachment":[{"href":"https:\/\/www.fuldaernachrichten.de\/index.php?rest_route=%2Fwp%2Fv2%2Fmedia&parent=144409"}],"wp:term":[{"taxonomy":"category","embeddable":true,"href":"https:\/\/www.fuldaernachrichten.de\/index.php?rest_route=%2Fwp%2Fv2%2Fcategories&post=144409"},{"taxonomy":"post_tag","embeddable":true,"href":"https:\/\/www.fuldaernachrichten.de\/index.php?rest_route=%2Fwp%2Fv2%2Ftags&post=144409"}],"curies":[{"name":"wp","href":"https:\/\/api.w.org\/{rel}","templated":true}]}}