{"id":144400,"date":"2015-10-16T09:29:28","date_gmt":"2015-10-16T07:29:28","guid":{"rendered":"http:\/\/www.fuldaer-nachrichten.de\/?p=144400"},"modified":"2015-10-16T09:29:28","modified_gmt":"2015-10-16T07:29:28","slug":"wildnis-symposium-auf-der-wasserkuppe","status":"publish","type":"post","link":"https:\/\/www.fuldaernachrichten.de\/?p=144400","title":{"rendered":"Wildnis-Symposium auf der Wasserkuppe"},"content":{"rendered":"<p>Das Biosph\u00e4renreservat l\u00e4dt f\u00fcr Freitag, 23.10.2015, 15:00 Uhr zu einem Wildnis-Symposium in das Groenhoff-Haus, Wasserkuppe 8, 36129 Gersfeld, ein. F\u00fcr die Veranstaltung konnten namhafte Referenten gewonnen werden. \u00dcber die Realisierung einer Wildnisstrategie f\u00fcr Europa spricht der Vorsitzende der European Wilderness Society Association, Max Rossberg. \u00dcber Moose und Flechten als Zeiger der Wildnisentwicklung informiert der europaweit anerkannte Flechtenspezialist Prof. Dr. Roman T\u00fcrk, Pr\u00e4sident des Naturschutzbundes \u00d6sterreich. \u00dcber die Entwicklung der Rh\u00f6ner Flora in Prozessschutzfl\u00e4chen wird der Dipl. Biologe Uwe Barth sprechen. Wildnisgebiete gibt es auch auf den bundesdeutschen Truppen\u00fcbungspl\u00e4tzen. Teilweise wird hier seit \u00fcber 30 Jahren nicht mehr gewirtschaftet. J\u00f6rg Tuchbreiter von der Bundesanstalt f\u00fcr Immobilien, Bundesforsten, wird diesbez\u00fcglich \u00fcber Wildnisentwicklung und Waldmonitoring berichten.<\/p>\n<p>Die Veranstaltung geht voraussichtlich bis 19:00 Uhr und ist kostenfrei.<\/p>\n","protected":false},"excerpt":{"rendered":"<div class=\"tmnf_excerpt\"><p>Das Biosph\u00e4renreservat l\u00e4dt f\u00fcr Freitag, 23.10.2015, 15:00 Uhr zu einem Wildnis-Symposium in das Groenhoff-Haus, Wasserkuppe 8, 36129 Gersfeld, ein. F\u00fcr die Veranstaltung konnten namhafte Referenten gewonnen werden. \u00dcber die Realisierung einer Wildnisstrategie f\u00fcr Europa spricht der Vorsitzende der European Wilderness Society Association, Max Rossberg. \u00dcber Moose und Flechten als Zeiger der Wildnisentwicklung informiert der europaweit &hellip;<\/p>\n<\/div>","protected":false},"author":1,"featured_media":0,"comment_status":"closed","ping_status":"closed","sticky":false,"template":"","format":"standard","meta":{"footnotes":""},"categories":[1],"tags":[],"class_list":["post-144400","post","type-post","status-publish","format-standard","hentry","category-startseite"],"_links":{"self":[{"href":"https:\/\/www.fuldaernachrichten.de\/index.php?rest_route=\/wp\/v2\/posts\/144400","targetHints":{"allow":["GET"]}}],"collection":[{"href":"https:\/\/www.fuldaernachrichten.de\/index.php?rest_route=\/wp\/v2\/posts"}],"about":[{"href":"https:\/\/www.fuldaernachrichten.de\/index.php?rest_route=\/wp\/v2\/types\/post"}],"author":[{"embeddable":true,"href":"https:\/\/www.fuldaernachrichten.de\/index.php?rest_route=\/wp\/v2\/users\/1"}],"replies":[{"embeddable":true,"href":"https:\/\/www.fuldaernachrichten.de\/index.php?rest_route=%2Fwp%2Fv2%2Fcomments&post=144400"}],"version-history":[{"count":1,"href":"https:\/\/www.fuldaernachrichten.de\/index.php?rest_route=\/wp\/v2\/posts\/144400\/revisions"}],"predecessor-version":[{"id":144401,"href":"https:\/\/www.fuldaernachrichten.de\/index.php?rest_route=\/wp\/v2\/posts\/144400\/revisions\/144401"}],"wp:attachment":[{"href":"https:\/\/www.fuldaernachrichten.de\/index.php?rest_route=%2Fwp%2Fv2%2Fmedia&parent=144400"}],"wp:term":[{"taxonomy":"category","embeddable":true,"href":"https:\/\/www.fuldaernachrichten.de\/index.php?rest_route=%2Fwp%2Fv2%2Fcategories&post=144400"},{"taxonomy":"post_tag","embeddable":true,"href":"https:\/\/www.fuldaernachrichten.de\/index.php?rest_route=%2Fwp%2Fv2%2Ftags&post=144400"}],"curies":[{"name":"wp","href":"https:\/\/api.w.org\/{rel}","templated":true}]}}