{"id":144391,"date":"2015-10-16T07:27:35","date_gmt":"2015-10-16T05:27:35","guid":{"rendered":"http:\/\/www.fuldaer-nachrichten.de\/?p=144391"},"modified":"2015-10-16T07:27:35","modified_gmt":"2015-10-16T05:27:35","slug":"bewerbungsphase-fuer-das-commerzbank-umweltpraktikum-2016-gestartet","status":"publish","type":"post","link":"https:\/\/www.fuldaernachrichten.de\/?p=144391","title":{"rendered":"Bewerbungsphase f\u00fcr das Commerzbank-Umweltpraktikum 2016 gestartet"},"content":{"rendered":"<p>Ein weiter Blick in die Landschaft, die Luft der freien Natur atmen und sich f\u00fcr Natur und Kultur engagieren. Dieses Kontrastprogramm zum H\u00f6rsaal macht das Umweltpraktikum im Biosph\u00e4renreservat Rh\u00f6n so beliebt. 23 Studenten haben sich in dem Projekt des Schutzgebiets und der Commerzbank seit 1994 bereits f\u00fcr den Erhalt der Umwelt eingesetzt. In der Rh\u00f6n erhalten Praktikanten beim Verein Natur- und Lebensraum Rh\u00f6n Einblicke in die Regionalentwicklung und in Naturschutzprojekte.  <\/p>\n<p>Die Commerzbank erm\u00f6glicht rund 50 Studierenden aller Fachrichtungen bereits zum 26. Mal ein abwechslungsreiches Praxissemester in den sch\u00f6nsten Naturlandschaften Deutschlands. An bundesweit 25 Standorten zwischen Nordsee und Alpen k\u00f6nnen die Teilnehmer ein mehrmonatiges Praxissemester absolvieren &#8211; auch das Biosph\u00e4renreservat Rh\u00f6n ist im kommenden Jahr wieder dabei. In den teilnehmenden Nationalparks, Naturparks und Biosph\u00e4renreservaten haben die Studierenden die M\u00f6glichkeit, ihre Leidenschaft f\u00fcr die Natur mit praktischen Erfahrungen zu verbinden. <\/p>\n<p>Im Rahmen des Praktikums lernen die Teilnehmer die Natur von einer ganz anderen Seite kennen. Sie erhalten spannende Einblicke in vielf\u00e4ltige Aufgabengebiete \u2013 insbesondere in den Umweltschutz sowie in die Arbeitsabl\u00e4ufe der Schutzgebiete. Dar\u00fcber hinaus realisieren die Praktikanten eigene Projekte in den Bereichen Umweltbildung und \u00d6ffentlichkeitsarbeit. <\/p>\n","protected":false},"excerpt":{"rendered":"<div class=\"tmnf_excerpt\"><p>Ein weiter Blick in die Landschaft, die Luft der freien Natur atmen und sich f\u00fcr Natur und Kultur engagieren. Dieses Kontrastprogramm zum H\u00f6rsaal macht das Umweltpraktikum im Biosph\u00e4renreservat Rh\u00f6n so beliebt. 23 Studenten haben sich in dem Projekt des Schutzgebiets und der Commerzbank seit 1994 bereits f\u00fcr den Erhalt der Umwelt eingesetzt. In der Rh\u00f6n &hellip;<\/p>\n<\/div>","protected":false},"author":1,"featured_media":0,"comment_status":"closed","ping_status":"closed","sticky":false,"template":"","format":"standard","meta":{"footnotes":""},"categories":[53],"tags":[],"class_list":["post-144391","post","type-post","status-publish","format-standard","hentry","category-bildung"],"_links":{"self":[{"href":"https:\/\/www.fuldaernachrichten.de\/index.php?rest_route=\/wp\/v2\/posts\/144391","targetHints":{"allow":["GET"]}}],"collection":[{"href":"https:\/\/www.fuldaernachrichten.de\/index.php?rest_route=\/wp\/v2\/posts"}],"about":[{"href":"https:\/\/www.fuldaernachrichten.de\/index.php?rest_route=\/wp\/v2\/types\/post"}],"author":[{"embeddable":true,"href":"https:\/\/www.fuldaernachrichten.de\/index.php?rest_route=\/wp\/v2\/users\/1"}],"replies":[{"embeddable":true,"href":"https:\/\/www.fuldaernachrichten.de\/index.php?rest_route=%2Fwp%2Fv2%2Fcomments&post=144391"}],"version-history":[{"count":1,"href":"https:\/\/www.fuldaernachrichten.de\/index.php?rest_route=\/wp\/v2\/posts\/144391\/revisions"}],"predecessor-version":[{"id":144392,"href":"https:\/\/www.fuldaernachrichten.de\/index.php?rest_route=\/wp\/v2\/posts\/144391\/revisions\/144392"}],"wp:attachment":[{"href":"https:\/\/www.fuldaernachrichten.de\/index.php?rest_route=%2Fwp%2Fv2%2Fmedia&parent=144391"}],"wp:term":[{"taxonomy":"category","embeddable":true,"href":"https:\/\/www.fuldaernachrichten.de\/index.php?rest_route=%2Fwp%2Fv2%2Fcategories&post=144391"},{"taxonomy":"post_tag","embeddable":true,"href":"https:\/\/www.fuldaernachrichten.de\/index.php?rest_route=%2Fwp%2Fv2%2Ftags&post=144391"}],"curies":[{"name":"wp","href":"https:\/\/api.w.org\/{rel}","templated":true}]}}