{"id":144381,"date":"2015-10-16T07:24:53","date_gmt":"2015-10-16T05:24:53","guid":{"rendered":"http:\/\/www.fuldaer-nachrichten.de\/?p=144381"},"modified":"2015-10-16T07:24:53","modified_gmt":"2015-10-16T05:24:53","slug":"aktion-herzenswuensche","status":"publish","type":"post","link":"https:\/\/www.fuldaernachrichten.de\/?p=144381","title":{"rendered":"Aktion Herzensw\u00fcnsche"},"content":{"rendered":"<p>Die kleinen Herzensw\u00fcnsche, die von den Kindern am \u201eTag der Begegnung\u201c in Rimbach aufgeschrieben worden waren, sind jetzt erf\u00fcllt worden. Die G\u00e4ste des Festes hatten sich ein solches Pappherz mit Wunsch mitgenommen und die Geschenke bei der Waldorf-Tagesgruppe ein Schlitz abgegeben \u2013 anonym und zusammen mit dem Herz. Die liebevoll verpackten Geschenke wurden jetzt an die freudestrahlenden Kinder \u00fcberreicht: Fu\u00dfb\u00e4lle und Barbiepuppen waren darunter. Die Kinder, die schulbezogene Jugendsozialarbeit, das Jugendamt und die Waldorf-Tagesgruppe in Schlitz danken allen Wunscherf\u00fcllern ganz herzlich. <\/p>\n","protected":false},"excerpt":{"rendered":"<div class=\"tmnf_excerpt\"><p>Die kleinen Herzensw\u00fcnsche, die von den Kindern am \u201eTag der Begegnung\u201c in Rimbach aufgeschrieben worden waren, sind jetzt erf\u00fcllt worden. Die G\u00e4ste des Festes hatten sich ein solches Pappherz mit Wunsch mitgenommen und die Geschenke bei der Waldorf-Tagesgruppe ein Schlitz abgegeben \u2013 anonym und zusammen mit dem Herz. Die liebevoll verpackten Geschenke wurden jetzt an &hellip;<\/p>\n<\/div>","protected":false},"author":1,"featured_media":144388,"comment_status":"closed","ping_status":"closed","sticky":false,"template":"","format":"standard","meta":{"footnotes":""},"categories":[1],"tags":[],"class_list":["post-144381","post","type-post","status-publish","format-standard","has-post-thumbnail","hentry","category-startseite"],"_links":{"self":[{"href":"https:\/\/www.fuldaernachrichten.de\/index.php?rest_route=\/wp\/v2\/posts\/144381","targetHints":{"allow":["GET"]}}],"collection":[{"href":"https:\/\/www.fuldaernachrichten.de\/index.php?rest_route=\/wp\/v2\/posts"}],"about":[{"href":"https:\/\/www.fuldaernachrichten.de\/index.php?rest_route=\/wp\/v2\/types\/post"}],"author":[{"embeddable":true,"href":"https:\/\/www.fuldaernachrichten.de\/index.php?rest_route=\/wp\/v2\/users\/1"}],"replies":[{"embeddable":true,"href":"https:\/\/www.fuldaernachrichten.de\/index.php?rest_route=%2Fwp%2Fv2%2Fcomments&post=144381"}],"version-history":[{"count":1,"href":"https:\/\/www.fuldaernachrichten.de\/index.php?rest_route=\/wp\/v2\/posts\/144381\/revisions"}],"predecessor-version":[{"id":144389,"href":"https:\/\/www.fuldaernachrichten.de\/index.php?rest_route=\/wp\/v2\/posts\/144381\/revisions\/144389"}],"wp:featuredmedia":[{"embeddable":true,"href":"https:\/\/www.fuldaernachrichten.de\/index.php?rest_route=\/wp\/v2\/media\/144388"}],"wp:attachment":[{"href":"https:\/\/www.fuldaernachrichten.de\/index.php?rest_route=%2Fwp%2Fv2%2Fmedia&parent=144381"}],"wp:term":[{"taxonomy":"category","embeddable":true,"href":"https:\/\/www.fuldaernachrichten.de\/index.php?rest_route=%2Fwp%2Fv2%2Fcategories&post=144381"},{"taxonomy":"post_tag","embeddable":true,"href":"https:\/\/www.fuldaernachrichten.de\/index.php?rest_route=%2Fwp%2Fv2%2Ftags&post=144381"}],"curies":[{"name":"wp","href":"https:\/\/api.w.org\/{rel}","templated":true}]}}