{"id":144379,"date":"2015-10-16T07:22:58","date_gmt":"2015-10-16T05:22:58","guid":{"rendered":"http:\/\/www.fuldaer-nachrichten.de\/?p=144379"},"modified":"2015-10-16T07:22:58","modified_gmt":"2015-10-16T05:22:58","slug":"drei-neue-auszubildende-bei-den-zement-und-kalkwerken-otterbein-2","status":"publish","type":"post","link":"https:\/\/www.fuldaernachrichten.de\/?p=144379","title":{"rendered":"Drei neue Auszubildende bei den Zement- und Kalkwerken Otterbein"},"content":{"rendered":"<p>Mit Start in dieses Ausbildungsjahr verst\u00e4rken drei junge Berufsanf\u00e4nger das Otterbein-Team: die beiden 17-j\u00e4hrigen Philipp Hornung und Patrick Kaminski sowie der 16-j\u00e4hrige Michael Mathes.<\/p>\n<p>Philipp Hornung aus Hosenfeld wird zum Elektroniker f\u00fcr Betriebstechnik ausgebildet und lernt, elektrische Anlagen zu installieren, zu warten und zu reparieren. Dabei reicht das Spektrum vom Motor bis zum Computer. Als sp\u00e4tere Industriemechaniker sind Patrick Kaminski und Michael Mathes, beide aus Gro\u00dfenl\u00fcder, f\u00fcr die Instandhaltung der Produktionsanlagen und \u00dcberpr\u00fcfung und Reparatur der gesamten Technik im Werk zust\u00e4ndig.<\/p>\n<p>Ausbildungsleiter Joachim Riese betreut seit 1993 Lehrlinge und legt bei den angehenden Nachwuchskr\u00e4ften Wert auf selbstst\u00e4ndiges Arbeiten und umfassende Kenntnisse, die auch unter anderem in externen Fortbildungen erworben werden: \u201eDie Arbeit an den Betriebsanlagen setzt eine schnelle Auffassungsgabe und die F\u00e4higkeit zum eigenverantwortlichen Arbeiten voraus. Grundkenntnisse zu den Themen Schwei\u00dfen, Hydraulik und Pneumatik erhalten die jungen Mitarbeiter beispielsweise in \u00fcberbetrieblichen Lehrg\u00e4ngen.\u201c F\u00fcr die Einf\u00fchrung in den Beruf Elektroniker f\u00fcr Betriebstechnik ist Michael Koch verantwortlich. Der Elektromeister sch\u00e4tzt ein gutes Miteinander unter den Kollegen: \u201eWir m\u00f6chten die Jugendlichen schon fr\u00fch an effizientes Arbeiten im Team heranf\u00fchren. Bisher zeigen alle Drei gro\u00dfes Interesse und Engagement.\u201c<\/p>\n<p>BU: Die Ausbildungsleiter mit ihren drei Sch\u00fctzlingen: Philipp Hornung, Michael Koch, Joachim Riese, Michael Mathes und Patrick Kaminski (von links nach rechts).<\/p>\n","protected":false},"excerpt":{"rendered":"<div class=\"tmnf_excerpt\"><p>Mit Start in dieses Ausbildungsjahr verst\u00e4rken drei junge Berufsanf\u00e4nger das Otterbein-Team: die beiden 17-j\u00e4hrigen Philipp Hornung und Patrick Kaminski sowie der 16-j\u00e4hrige Michael Mathes. Philipp Hornung aus Hosenfeld wird zum Elektroniker f\u00fcr Betriebstechnik ausgebildet und lernt, elektrische Anlagen zu installieren, zu warten und zu reparieren. Dabei reicht das Spektrum vom Motor bis zum Computer. Als &hellip;<\/p>\n<\/div>","protected":false},"author":1,"featured_media":144383,"comment_status":"closed","ping_status":"closed","sticky":false,"template":"","format":"standard","meta":{"footnotes":""},"categories":[1],"tags":[],"class_list":["post-144379","post","type-post","status-publish","format-standard","has-post-thumbnail","hentry","category-startseite"],"_links":{"self":[{"href":"https:\/\/www.fuldaernachrichten.de\/index.php?rest_route=\/wp\/v2\/posts\/144379","targetHints":{"allow":["GET"]}}],"collection":[{"href":"https:\/\/www.fuldaernachrichten.de\/index.php?rest_route=\/wp\/v2\/posts"}],"about":[{"href":"https:\/\/www.fuldaernachrichten.de\/index.php?rest_route=\/wp\/v2\/types\/post"}],"author":[{"embeddable":true,"href":"https:\/\/www.fuldaernachrichten.de\/index.php?rest_route=\/wp\/v2\/users\/1"}],"replies":[{"embeddable":true,"href":"https:\/\/www.fuldaernachrichten.de\/index.php?rest_route=%2Fwp%2Fv2%2Fcomments&post=144379"}],"version-history":[{"count":1,"href":"https:\/\/www.fuldaernachrichten.de\/index.php?rest_route=\/wp\/v2\/posts\/144379\/revisions"}],"predecessor-version":[{"id":144384,"href":"https:\/\/www.fuldaernachrichten.de\/index.php?rest_route=\/wp\/v2\/posts\/144379\/revisions\/144384"}],"wp:featuredmedia":[{"embeddable":true,"href":"https:\/\/www.fuldaernachrichten.de\/index.php?rest_route=\/wp\/v2\/media\/144383"}],"wp:attachment":[{"href":"https:\/\/www.fuldaernachrichten.de\/index.php?rest_route=%2Fwp%2Fv2%2Fmedia&parent=144379"}],"wp:term":[{"taxonomy":"category","embeddable":true,"href":"https:\/\/www.fuldaernachrichten.de\/index.php?rest_route=%2Fwp%2Fv2%2Fcategories&post=144379"},{"taxonomy":"post_tag","embeddable":true,"href":"https:\/\/www.fuldaernachrichten.de\/index.php?rest_route=%2Fwp%2Fv2%2Ftags&post=144379"}],"curies":[{"name":"wp","href":"https:\/\/api.w.org\/{rel}","templated":true}]}}