{"id":144357,"date":"2015-10-14T20:36:16","date_gmt":"2015-10-14T18:36:16","guid":{"rendered":"http:\/\/www.fuldaer-nachrichten.de\/?p=144357"},"modified":"2015-10-14T20:36:16","modified_gmt":"2015-10-14T18:36:16","slug":"ihk-auszeichnung-fuer-praedikatspruefling-fuer-christiane-topp-vom-klinikum-fulda","status":"publish","type":"post","link":"https:\/\/www.fuldaernachrichten.de\/?p=144357","title":{"rendered":"IHK-Auszeichnung f\u00fcr \u201ePr\u00e4dikatspr\u00fcfling\u201c f\u00fcr  Christiane Topp  vom Klinikum Fulda"},"content":{"rendered":"<p>Im Rahmen der IHK-Lehrabschlussfeier f\u00fcr die Pr\u00e4dikatspr\u00fcflinge der einzelnen  Ausbildungsbetriebe wurde Christiane Topp vom Klinikum Fulda ausgezeichnet. <\/p>\n<p>Bei der offiziellen Feierstunde am 10. September zeichnete die IHK (Industrie- und Handelskammer Fulda) diejenigen Pr\u00fcfungsteilnehmer aus, die im Gesamtergebnis ein \u201esehr gut\u201c erreicht haben oder als \u201ePr\u00fcfungsbester der Berufsgruppe\u201c abgeschlossen haben. Seitens des Klinikums Fulda wurde in diesem Jahr Frau Christiane Topp als Pr\u00e4dikatspr\u00fcfling geehrt. <\/p>\n<p>Christiane Topp, die ihre Pr\u00fcfung mit der Bestnote 1,0 bestanden hat, absolvierte ihre Ausbildung zur Kauffrau f\u00fcr B\u00fcromanagement vom Februar 2013 bis Juni 2015 im Klinikum Fulda. Im Rahmen ihrer Ausbildung hat sie verschiedene Bereiche und Abteilungen durchlaufen: im Sekretariat der Klinik f\u00fcr Orthop\u00e4die und Unfallchirurgie sowie des Bildungszentrums, in der Zentralen Aufnahme, der Leistungsabrechnung und Erl\u00f6ssicherung, in der Zentralversorgung, dem Zentraleinkauf, der Personalabteilung, der Abteilung Finanz- und Rechnungswesen sowie im Patienten-Beratungs-Zentrum. Frau Topp hat <\/p>\n<p>Gr\u00fcnde f\u00fcr das gute Abschneiden sieht der Vorstand des Klinikums Fulda, Priv.-Doz. Dr. Thomas Menzel, u.a. in der Leistungsbereitschaft der Auszubildenden sowie der fachlichen Kompetenz der Ausbilder und den guten Ausbildungsbedingungen des Hauses. \u201eGl\u00fcckwunsch an Frau Topp f\u00fcr diese tolle Leistung! Am Klinikum Fulda hat die Aus-, Fort- und Weiterbildung einen sehr hohen Stellenwert. Die IHK-Auszeichnung  best\u00e4tigt auch unsere gute Arbeit\u201c, so Dr. Menzel.<\/p>\n<p>Das Klinikum Fulda z\u00e4hlt zu den bedeutendsten Ausbildungsbetrieben der Region. Im eigenen Bildungszentrum sind  Krankenpflegeschule, Kinderkranken-pflegeschule, MTA-Schule, OTA-Schule und ist Weiterbildungsst\u00e4tte f\u00fcr die Intensivpflege und An\u00e4sthesie sowie f\u00fcr die Fachkrankenpflege des Funktionsdienstes unter einem Dach vereint. Neben dem Angebot des Bildungszentrums werden zahlreiche weitere Ausbildungsg\u00e4nge angeboten: die Ausbildung zu B\u00fcrokaufleuten, Energieelektroniker, Anlagenmechaniker, Koch, Pharmazeutisch-Kaufm\u00e4nnische Angestellte, Fachkraft f\u00fcr Lagerlogistik,  Fachinformatiker-Systemintegration sowie     Medizinische Fachangestellte.<\/p>\n","protected":false},"excerpt":{"rendered":"<div class=\"tmnf_excerpt\"><p>Im Rahmen der IHK-Lehrabschlussfeier f\u00fcr die Pr\u00e4dikatspr\u00fcflinge der einzelnen Ausbildungsbetriebe wurde Christiane Topp vom Klinikum Fulda ausgezeichnet. Bei der offiziellen Feierstunde am 10. September zeichnete die IHK (Industrie- und Handelskammer Fulda) diejenigen Pr\u00fcfungsteilnehmer aus, die im Gesamtergebnis ein \u201esehr gut\u201c erreicht haben oder als \u201ePr\u00fcfungsbester der Berufsgruppe\u201c abgeschlossen haben. Seitens des Klinikums Fulda wurde in &hellip;<\/p>\n<\/div>","protected":false},"author":1,"featured_media":144360,"comment_status":"closed","ping_status":"closed","sticky":false,"template":"","format":"standard","meta":{"footnotes":""},"categories":[1],"tags":[],"class_list":["post-144357","post","type-post","status-publish","format-standard","has-post-thumbnail","hentry","category-startseite"],"_links":{"self":[{"href":"https:\/\/www.fuldaernachrichten.de\/index.php?rest_route=\/wp\/v2\/posts\/144357","targetHints":{"allow":["GET"]}}],"collection":[{"href":"https:\/\/www.fuldaernachrichten.de\/index.php?rest_route=\/wp\/v2\/posts"}],"about":[{"href":"https:\/\/www.fuldaernachrichten.de\/index.php?rest_route=\/wp\/v2\/types\/post"}],"author":[{"embeddable":true,"href":"https:\/\/www.fuldaernachrichten.de\/index.php?rest_route=\/wp\/v2\/users\/1"}],"replies":[{"embeddable":true,"href":"https:\/\/www.fuldaernachrichten.de\/index.php?rest_route=%2Fwp%2Fv2%2Fcomments&post=144357"}],"version-history":[{"count":1,"href":"https:\/\/www.fuldaernachrichten.de\/index.php?rest_route=\/wp\/v2\/posts\/144357\/revisions"}],"predecessor-version":[{"id":144362,"href":"https:\/\/www.fuldaernachrichten.de\/index.php?rest_route=\/wp\/v2\/posts\/144357\/revisions\/144362"}],"wp:featuredmedia":[{"embeddable":true,"href":"https:\/\/www.fuldaernachrichten.de\/index.php?rest_route=\/wp\/v2\/media\/144360"}],"wp:attachment":[{"href":"https:\/\/www.fuldaernachrichten.de\/index.php?rest_route=%2Fwp%2Fv2%2Fmedia&parent=144357"}],"wp:term":[{"taxonomy":"category","embeddable":true,"href":"https:\/\/www.fuldaernachrichten.de\/index.php?rest_route=%2Fwp%2Fv2%2Fcategories&post=144357"},{"taxonomy":"post_tag","embeddable":true,"href":"https:\/\/www.fuldaernachrichten.de\/index.php?rest_route=%2Fwp%2Fv2%2Ftags&post=144357"}],"curies":[{"name":"wp","href":"https:\/\/api.w.org\/{rel}","templated":true}]}}