{"id":144327,"date":"2015-10-14T09:15:35","date_gmt":"2015-10-14T07:15:35","guid":{"rendered":"http:\/\/www.fuldaer-nachrichten.de\/?p=144327"},"modified":"2016-02-10T22:34:10","modified_gmt":"2016-02-10T21:34:10","slug":"eltern-schueler-lehrer-den-schulalltag-konfliktfrei-begehen","status":"publish","type":"post","link":"https:\/\/www.fuldaernachrichten.de\/?p=144327","title":{"rendered":"Eltern, Sch\u00fcler, Lehrer: Den Schulalltag konfliktfrei begehen"},"content":{"rendered":"<p>Der Schulbeginn in Hessen ist erst wenige Woche her, doch viele Sch\u00fcler haben schon jetzt erste Probleme. Oft bekommen die Eltern davon nur etwas mit, weil sich das Kind nach Schulschluss anders verh\u00e4lt als sonst: Es kommt schlecht gelaunt nach Hause, m\u00f6chte morgens nicht aufstehen und sich auf den Schulweg machen. Gleichzeitig flattern die ersten schlechten Noten ins Haus. Viele Eltern stehen dann vor einem R\u00e4tsel. Denn zu Hause scheint der Spr\u00f6ssling mit dem Lernstoff gut zurechtzukommen und auch die Hausaufgaben werden m\u00fchelos erledigt.<\/p>\n<p><strong>Schulpsychologen und Beratungslehrer helfen<\/strong><br \/>\nDies ist nur eines von vielen m\u00f6glichen Szenarien. <a href=\"http:\/\/www.familie.de\/kind\/schulprobleme-bei-kindern-535545.html\">Schulprobleme bei Kindern<\/a> k\u00f6nnen die unterschiedlichsten Ursachen haben und sich auf ebenso vielf\u00e4ltige Weise \u00e4u\u00dfern. Guter Rat ist in solchen F\u00e4llen keinesfalls teuer, denn Beratungslehrer und Schulpsychologen sind speziell daf\u00fcr ausgebildet, in solchen Situationen zu helfen. In der Schule sind sie die erste Anlaufstelle sowohl f\u00fcr Eltern und Sch\u00fcler als auch f\u00fcr das Lehrpersonal. Die Anl\u00e4sse sind ganz unterschiedlich und reichen von Lernschw\u00e4chen, schlechten Noten und Konzentrationsschwierigkeiten \u00fcber Pr\u00fcfungsangst und Leistungsdruck bis hin zu Problemen mit Mitsch\u00fclern oder Lehrern. Nat\u00fcrlich beraten die P\u00e4dagogen und Psychologen auch hinsichtlich einer m\u00f6glichen F\u00f6rderung von besonderen Begabungen. Selbstverst\u00e4ndlich werden diese Gespr\u00e4che vertraulich behandelt. Nur mit Einwilligung der Betroffenen d\u00fcrfen Informationen an Dritte, z.\u00c2\u00a0B. den Klassenlehrer oder die Schulleitung, weitergegeben werden.<\/p>\n<p>Die Arbeitsfelder von Psychologen und Beratungslehrern \u00fcberschneiden sich in vielen Punkten. Beide Berufsgruppen verfolgen das gleiche Ziel: die beste L\u00f6sung zum Wohl des Kindes finden. Allerdings geh\u00f6ren Schulprobleme, die ihre Wurzeln in famili\u00e4ren Konflikten haben, zum Fachgebiet der Psychologen. \u00dcber die Berater lassen sich auch weitere Hilfema\u00dfnahmen wie Einzelgespr\u00e4che, Unterrichtsbesuche oder organisierte Gespr\u00e4chsrunden vermitteln und organisieren. Tests k\u00f6nnen hilfreich sein, wenn zum Beispiel der Verdacht auf eine Lern, Lese- oder Rechtschreibschw\u00e4che besteht. Nur wer den Schritt Richtung Beratung macht, kann solche Defizite aufdecken und daf\u00fcr sorgen, dass das Kind die F\u00f6rderung erh\u00e4lt, die es braucht.<\/p>\n<p><strong>Weitere Beratungsstellen<\/strong><br \/>\nEine weitere M\u00f6glichkeit ist es, sich bei schulunabh\u00e4ngigen Stellen beraten zu lassen oder sich zun\u00e4chst auf Online-Portalen zu informieren. <a href=\"http:\/\/www.viversum.de\/beratung\/familienprobleme\">Seiten wie Viversum<\/a>, die unter anderem spirituelle Lebensberatung anbieten, beraten in Konfliktsituationen und bei anderen Schwierigkeiten. Auch vor Ort gibt es verschiedene Stellen, die aufgesucht werden k\u00f6nnen. In Fulda finden Sie zum Beispiel Hilfe bei:<\/p>\n<ul>\n<li>der Beratungsstelle f\u00fcr Eltern, Kinder und Jugendliche in der Marienstra\u00dfe 5<\/li>\n<li>pro familia Fulda in der Heinrichstra\u00dfe 35<\/li>\n<li>beim Diakonisches Werk am Heinrich-von-Bibra-Platz 14<\/li>\n<\/ul>\n<p><img fetchpriority=\"high\" decoding=\"async\" src=\"https:\/\/farm7.staticflickr.com\/6080\/6085668928_7a0b98840f.jpg\" alt=\"\" width=\"500\" height=\"286\" \/><br \/>\nBildrechte: Flickr <a href=\"https:\/\/www.flickr.com\/photos\/tabor-roeder\/6085668928\/\" rel=\"nofollow\">Back to School<\/a> <a href=\"https:\/\/www.flickr.com\/photos\/tabor-roeder\/\" rel=\"nofollow\">Phil Roeder<\/a> CC BY 2.0 <a href=\"http:\/\/creativecommons.org\/licenses\/by\/2.0\" rel=\"nofollow\">Bestimmte Rechte vorbehalten<\/a><\/p>\n","protected":false},"excerpt":{"rendered":"<div class=\"tmnf_excerpt\"><p>Der Schulbeginn in Hessen ist erst wenige Woche her, doch viele Sch\u00fcler haben schon jetzt erste Probleme. Oft bekommen die Eltern davon nur etwas mit, weil sich das Kind nach Schulschluss anders verh\u00e4lt als sonst: Es kommt schlecht gelaunt nach Hause, m\u00f6chte morgens nicht aufstehen und sich auf den Schulweg machen. Gleichzeitig flattern die ersten &hellip;<\/p>\n<\/div>","protected":false},"author":1,"featured_media":0,"comment_status":"closed","ping_status":"closed","sticky":false,"template":"","format":"standard","meta":{"footnotes":""},"categories":[72],"tags":[104,95,100],"class_list":["post-144327","post","type-post","status-publish","format-standard","hentry","category-jugend","tag-akm","tag-besonders-lesenswert","tag-g"],"_links":{"self":[{"href":"https:\/\/www.fuldaernachrichten.de\/index.php?rest_route=\/wp\/v2\/posts\/144327","targetHints":{"allow":["GET"]}}],"collection":[{"href":"https:\/\/www.fuldaernachrichten.de\/index.php?rest_route=\/wp\/v2\/posts"}],"about":[{"href":"https:\/\/www.fuldaernachrichten.de\/index.php?rest_route=\/wp\/v2\/types\/post"}],"author":[{"embeddable":true,"href":"https:\/\/www.fuldaernachrichten.de\/index.php?rest_route=\/wp\/v2\/users\/1"}],"replies":[{"embeddable":true,"href":"https:\/\/www.fuldaernachrichten.de\/index.php?rest_route=%2Fwp%2Fv2%2Fcomments&post=144327"}],"version-history":[{"count":1,"href":"https:\/\/www.fuldaernachrichten.de\/index.php?rest_route=\/wp\/v2\/posts\/144327\/revisions"}],"predecessor-version":[{"id":144333,"href":"https:\/\/www.fuldaernachrichten.de\/index.php?rest_route=\/wp\/v2\/posts\/144327\/revisions\/144333"}],"wp:attachment":[{"href":"https:\/\/www.fuldaernachrichten.de\/index.php?rest_route=%2Fwp%2Fv2%2Fmedia&parent=144327"}],"wp:term":[{"taxonomy":"category","embeddable":true,"href":"https:\/\/www.fuldaernachrichten.de\/index.php?rest_route=%2Fwp%2Fv2%2Fcategories&post=144327"},{"taxonomy":"post_tag","embeddable":true,"href":"https:\/\/www.fuldaernachrichten.de\/index.php?rest_route=%2Fwp%2Fv2%2Ftags&post=144327"}],"curies":[{"name":"wp","href":"https:\/\/api.w.org\/{rel}","templated":true}]}}