{"id":144289,"date":"2015-10-13T06:49:06","date_gmt":"2015-10-13T04:49:06","guid":{"rendered":"http:\/\/www.fuldaer-nachrichten.de\/?p=144289"},"modified":"2015-10-13T06:49:06","modified_gmt":"2015-10-13T04:49:06","slug":"verstaerkung-bei-nachwuchs-und-fachkraeften-gesucht-rs-laedt-am-15-oktober-zum-karriere-abend-ein","status":"publish","type":"post","link":"https:\/\/www.fuldaernachrichten.de\/?p=144289","title":{"rendered":"Verst\u00e4rkung bei Nachwuchs- und Fachkr\u00e4ften gesucht R+S l\u00e4dt am 15. Oktober zum Karriere-Abend ein"},"content":{"rendered":"<p>Unter dem Motto \u201eWiR+Suchen Verst\u00e4rkung\u201c l\u00e4dt R+S am Donnerstag, 15. Oktober, zum Karriere-Abend in die R+S-Bildungsakademie im Fuldaer M\u00fcnsterfeld \u2013 Flemingstra\u00dfe 20-22 \u2013 ein. Ab 17 Uhr k\u00f6nnen sich Sch\u00fclerinnen und Sch\u00fcler in der Berufsorientierung, aber auch Eltern und Fachkr\u00e4fte \u00fcber die Karriere-M\u00f6glichkeiten in der Fuldaer Unternehmensgruppe informieren.<\/p>\n<p>\u201eUm 18 Uhr findet einmalig eine Betriebsf\u00fchrung statt \u2013 sie richtet sich an alle Besucher, die sich eine berufliche Zukunft bei R+S vorstellen k\u00f6nnen\u201c, k\u00fcndigt R+S-Personalvorstand Susanne Hahn an. Eine Voranmeldung ist nicht n\u00f6tig.<\/p>\n<p>Sch\u00fclerinnen und Sch\u00fcler haben au\u00dferdem die M\u00f6glichkeit, in der R+S-Lehrwerkstatt ihr handwerkliches Know-how beim Bau von Taschenlampen zu \u00fcberpr\u00fcfen und einen Technikparcours zu durchlaufen, um Fachwissen und Geschick zu testen.<\/p>\n<p>W\u00e4hrend des Abends k\u00f6nnen R+S-Azubis und m\u00f6gliche \u201eKollegen von morgen\u201c zu ihrer Arbeit befragt werden. \u201eOb es um Ausbildungsinhalte geht oder t\u00e4gliche Arbeitsaufgaben \u2013 wir m\u00f6chten allen Interessierten gerne die M\u00f6glichkeit geben, unser Unternehmen ganz ungezwungen kennenzulernen\u201c, betont Susanne Hahn und erg\u00e4nzt: \u201eWir suchen neue Nachwuchs- und Fachkr\u00e4fte, die sich gerne in unserer Unternehmensgruppe entwickeln m\u00f6chten.\u201c<\/p>\n<p>\u00dcbrigens: Alle Besucher des Karriere-Abends k\u00f6nnen vor Ort professionelle Bewerbungsfotos erstellen lassen \u2013 dieser Service ist kostenfrei.<\/p>\n<p>Zum Ausbildungsstart 2016 bietet R+S Ausbildungspl\u00e4tze in folgenden Berufen an (m\/w):<\/p>\n<ul>\n<li>Elektroniker Energie- und Geb\u00e4udetechnik<\/li>\n<li>Elektroniker Informations- und Telekommunikationstechnik<\/li>\n<li>Elektroniker Betriebstechnik<\/li>\n<li>Anlagenmechaniker Sanit\u00e4r-, Heizungs- und Klimatechnik<\/li>\n<li>Technischer Systemplaner, Fachrichtung Elektrotechnische Systeme<\/li>\n<li>Fachkraft f\u00fcr Lagerlogistik<\/li>\n<li>Kaufleute f\u00fcr B\u00fcromanagement<\/li>\n<\/ul>\n<p>Weitere Informationen und aktuelle offene Stellen gibt es unter www.rs-karriere.net.<\/p>\n","protected":false},"excerpt":{"rendered":"<div class=\"tmnf_excerpt\"><p>Unter dem Motto \u201eWiR+Suchen Verst\u00e4rkung\u201c l\u00e4dt R+S am Donnerstag, 15. Oktober, zum Karriere-Abend in die R+S-Bildungsakademie im Fuldaer M\u00fcnsterfeld \u2013 Flemingstra\u00dfe 20-22 \u2013 ein. Ab 17 Uhr k\u00f6nnen sich Sch\u00fclerinnen und Sch\u00fcler in der Berufsorientierung, aber auch Eltern und Fachkr\u00e4fte \u00fcber die Karriere-M\u00f6glichkeiten in der Fuldaer Unternehmensgruppe informieren. \u201eUm 18 Uhr findet einmalig eine Betriebsf\u00fchrung &hellip;<\/p>\n<\/div>","protected":false},"author":1,"featured_media":144303,"comment_status":"closed","ping_status":"closed","sticky":false,"template":"","format":"standard","meta":{"footnotes":""},"categories":[53],"tags":[],"class_list":["post-144289","post","type-post","status-publish","format-standard","has-post-thumbnail","hentry","category-bildung"],"_links":{"self":[{"href":"https:\/\/www.fuldaernachrichten.de\/index.php?rest_route=\/wp\/v2\/posts\/144289","targetHints":{"allow":["GET"]}}],"collection":[{"href":"https:\/\/www.fuldaernachrichten.de\/index.php?rest_route=\/wp\/v2\/posts"}],"about":[{"href":"https:\/\/www.fuldaernachrichten.de\/index.php?rest_route=\/wp\/v2\/types\/post"}],"author":[{"embeddable":true,"href":"https:\/\/www.fuldaernachrichten.de\/index.php?rest_route=\/wp\/v2\/users\/1"}],"replies":[{"embeddable":true,"href":"https:\/\/www.fuldaernachrichten.de\/index.php?rest_route=%2Fwp%2Fv2%2Fcomments&post=144289"}],"version-history":[{"count":1,"href":"https:\/\/www.fuldaernachrichten.de\/index.php?rest_route=\/wp\/v2\/posts\/144289\/revisions"}],"predecessor-version":[{"id":144304,"href":"https:\/\/www.fuldaernachrichten.de\/index.php?rest_route=\/wp\/v2\/posts\/144289\/revisions\/144304"}],"wp:featuredmedia":[{"embeddable":true,"href":"https:\/\/www.fuldaernachrichten.de\/index.php?rest_route=\/wp\/v2\/media\/144303"}],"wp:attachment":[{"href":"https:\/\/www.fuldaernachrichten.de\/index.php?rest_route=%2Fwp%2Fv2%2Fmedia&parent=144289"}],"wp:term":[{"taxonomy":"category","embeddable":true,"href":"https:\/\/www.fuldaernachrichten.de\/index.php?rest_route=%2Fwp%2Fv2%2Fcategories&post=144289"},{"taxonomy":"post_tag","embeddable":true,"href":"https:\/\/www.fuldaernachrichten.de\/index.php?rest_route=%2Fwp%2Fv2%2Ftags&post=144289"}],"curies":[{"name":"wp","href":"https:\/\/api.w.org\/{rel}","templated":true}]}}