{"id":144143,"date":"2015-10-08T10:12:12","date_gmt":"2015-10-08T08:12:12","guid":{"rendered":"http:\/\/www.fuldaer-nachrichten.de\/?p=144143"},"modified":"2015-10-08T10:12:12","modified_gmt":"2015-10-08T08:12:12","slug":"viele-fragezeichen-bei-der-begleitung-junger-zuwanderer-im-uebergang-schule-beruf%e2%80%a8","status":"publish","type":"post","link":"https:\/\/www.fuldaernachrichten.de\/?p=144143","title":{"rendered":"Viele Fragezeichen bei der Begleitung junger Zuwanderer im \u00dcbergang Schule \u2013 Beruf\u00e2\u20ac\u00a8"},"content":{"rendered":"<p><a href=\"http:\/\/www.fuldaer-nachrichten.de\/wp-content\/uploads\/2015\/10\/151006_OloV6.jpg\"><img decoding=\"async\" src=\"http:\/\/www.fuldaer-nachrichten.de\/wp-content\/uploads\/2015\/10\/151006_OloV6-265x174.jpg\" alt=\"151006_OloV6\" width=\"265\" height=\"174\" class=\"alignleft size-thumbnail wp-image-144153\" srcset=\"https:\/\/www.fuldaernachrichten.de\/wp-content\/uploads\/2015\/10\/151006_OloV6-265x174.jpg 265w, https:\/\/www.fuldaernachrichten.de\/wp-content\/uploads\/2015\/10\/151006_OloV6-600x393.jpg 600w, https:\/\/www.fuldaernachrichten.de\/wp-content\/uploads\/2015\/10\/151006_OloV6.jpg 900w\" sizes=\"(max-width: 265px) 100vw, 265px\" \/><\/a>Mit 140 Teilnehmern verzeichneten die Organisatoren des 6. OloV-Netzwerktreffens einen neuen Rekord. Die Steuerungsgruppe der hessenweiten Initiative OloV (Optimierung lokaler Vermittlungsarbeit im \u00dcbergang Schule-Beruf) hatte das Thema \u201eJunge Zuwanderer in der Region Fulda\u201c aufgegriffen und damit offenbar den richtigen Nerv getroffen. <\/p>\n<p>Lehrer, Sozialp\u00e4dagogen, Sozialarbeiter, Arbeitscoaches, Arbeitsvermittler sowie Ausbildungs- und Personalverantwortliche informierten sich am vergangenen Donnerstag im Medienzentrum der Ferdinand-Braun-Schule \u00fcber die verschiedenen Aspekte dieses komplexen Themas.  <\/p>\n<p>Dass es fast t\u00e4glich neue Zahlen, Daten und Fakten zum Thema Zuwanderung gebe und im Rahmen des Netzwerktreffens vielmehr Momentaufnahmen und Anregungen, als in Stein gemei\u00dfelte Konzepte f\u00fcr die schulische und berufliche Betreuung und Begleitung junger Zuwanderer geliefert werden k\u00f6nnten, machte Ulrich Nesemann, OloV-Regionalkoordinator beim Landkreis Fulda, in seinem einf\u00fchrenden Kurzvortrag deutlich.   <\/p>\n<p><a href=\"http:\/\/www.fuldaer-nachrichten.de\/wp-content\/uploads\/2015\/10\/151006_OloV4.jpg\"><img decoding=\"async\" src=\"http:\/\/www.fuldaer-nachrichten.de\/wp-content\/uploads\/2015\/10\/151006_OloV4-265x175.jpg\" alt=\"151006_OloV4\" width=\"265\" height=\"175\" class=\"alignleft size-thumbnail wp-image-144152\" srcset=\"https:\/\/www.fuldaernachrichten.de\/wp-content\/uploads\/2015\/10\/151006_OloV4-265x175.jpg 265w, https:\/\/www.fuldaernachrichten.de\/wp-content\/uploads\/2015\/10\/151006_OloV4-600x397.jpg 600w, https:\/\/www.fuldaernachrichten.de\/wp-content\/uploads\/2015\/10\/151006_OloV4.jpg 900w\" sizes=\"(max-width: 265px) 100vw, 265px\" \/><\/a>Nesemann erl\u00e4uterte unter anderem die verschiedenen Zust\u00e4ndigkeiten auf Bundes-, Landes- bzw. kommunaler Ebene und skizzierte die aktuellen regionalen Entwicklungen. \u201eEs sind zumeist junge Leute, die sich auf den Weg gemacht haben. \u00dcber 700 der derzeit rund 1300 Asylbewerber sind zwischen 18 und 35 Jahre alt. Dabei handelt es sich \u00fcberwiegend um junge M\u00e4nner\u201c, erkl\u00e4rte Nesemann. Zudem lebten aktuell rund 140 unbegleitete minderj\u00e4hrige Fl\u00fcchtlinge in Stadt und Landkreis Fulda.<br \/>\nDie Integration der jungen Zuwanderer in Schule, Beruf und Gesellschaft wirft viele Fragen auf. Einige Antworten wurden beim Netzwerktreffen gegeben. Im Rahmen von halbst\u00fcndigen Foren zu f\u00fcnf verschiedenen Schwerpunktthemen &#8211; Arbeitsmarktzugang, Schule, Beratungsstellen, Ehrenamt und Best Practice &#8211; wurde ein weiter Bogen gespannt. <\/p>\n<p>Ottokar Schwerd von der Agentur f\u00fcr Arbeit Bad Hersfeld-Fulda und Ulrich Nesemann erl\u00e4uterten die gesetzlichen Grundlagen, die verschiedenen Zug\u00e4nge zum Arbeitsmarkt sowie die F\u00f6rderm\u00f6glichkeiten. Horst Pfau, stellvertretender Leiter der Richard-M\u00fcller Schule Fulda, berichtete \u00fcber seine Erfahrungen mit Integrationsklassen, in denen die jungen Leute zun\u00e4chst die deutsche Sprache lernen und der Hauptschulabschluss angestrebt wird, damit der Zugang zum dualen Ausbildungssystem m\u00f6glich wird. <\/p>\n<p><a href=\"http:\/\/www.fuldaer-nachrichten.de\/wp-content\/uploads\/2015\/10\/151006_OloV3.jpg\"><img decoding=\"async\" src=\"http:\/\/www.fuldaer-nachrichten.de\/wp-content\/uploads\/2015\/10\/151006_OloV3-265x175.jpg\" alt=\"151006_OloV3\" width=\"265\" height=\"175\" class=\"alignleft size-thumbnail wp-image-144151\" srcset=\"https:\/\/www.fuldaernachrichten.de\/wp-content\/uploads\/2015\/10\/151006_OloV3-265x175.jpg 265w, https:\/\/www.fuldaernachrichten.de\/wp-content\/uploads\/2015\/10\/151006_OloV3-600x397.jpg 600w, https:\/\/www.fuldaernachrichten.de\/wp-content\/uploads\/2015\/10\/151006_OloV3.jpg 900w\" sizes=\"(max-width: 265px) 100vw, 265px\" \/><\/a>Unterst\u00fctzung beim \u00dcbergang von der Schule in die Ausbildung oder in den Beruf bekommen die jungen Zuwanderer unter anderem beim Jugendmigrationsdienst Fulda oder bei der Mobilen Beratung zur Anerkennung von im Ausland erworbenen Berufsqualifikationen. Welche konkreten Unterst\u00fctzungsangebote es bei beiden Anlaufstellen gibt, erl\u00e4uterten Gabriele R\u00f6tzer und Kay Komkov. Dass Ehrenamtliche in der Begleitung von Fl\u00fcchtlingen eine gro\u00dfe Hilfe sind und sehr viele Aufgaben wahrnehmen, verdeutlichte Sabine Fischer vom \u201eTreffpunkt Aktiv\u201c, der beim Landkreis Fulda angesiedelt und eine Servicestelle f\u00fcr alle freiwillig Engagierten ist. <\/p>\n<p>Informationen aus erster Hand lieferte das Forum Best Practice, das von Armin Gerbeth (IHK) und Dr. Herbert B\u00fcttner (Kreishandwerkerschaft) moderiert wurde. Was es bedeutet, junge Menschen mit Migrationshintergrund auszubilden, was man bei der Ausbildung beachten muss, welche H\u00fcrden es gibt und was man tun kann, damit die Berufsausbildung erfolgreich endet, dar\u00fcber berichteten Ausbildungsverantwortliche aus Betrieben der Region. Dar\u00fcber hinaus wurde ein spontan organisiertes Forum mit jungen Zuwanderern, die \u00fcber ihre pers\u00f6nlichen Erfahrungen im deutschen Schulsystem sprachen, angeboten.\u00e2\u20ac\u00a8\u00e2\u20ac\u00a8\u201eMit dem Verlauf der Veranstaltung sind wir sehr zufrieden. Die Resonanz \u2013 auch aus den  Betrieben &#8211;  war \u00fcberw\u00e4ltigend und das Feedback sehr positiv\u201c, bilanzierte Christiane Herchenhein, OloV-Regionalkoordinatorin bei der Stadt Fulda. \u201eAuch wenn es noch etliche Fragezeichen gibt, konnte das Netzwerktreffen doch einigen Input liefern und dazu beitragen, dass die verschiedenen Akteure miteinander ins Gespr\u00e4ch kommen und wertvolle Erfahrungen austauschen.\u201c<\/p>\n","protected":false},"excerpt":{"rendered":"<div class=\"tmnf_excerpt\"><p>Mit 140 Teilnehmern verzeichneten die Organisatoren des 6. OloV-Netzwerktreffens einen neuen Rekord. Die Steuerungsgruppe der hessenweiten Initiative OloV (Optimierung lokaler Vermittlungsarbeit im \u00dcbergang Schule-Beruf) hatte das Thema \u201eJunge Zuwanderer in der Region Fulda\u201c aufgegriffen und damit offenbar den richtigen Nerv getroffen. Lehrer, Sozialp\u00e4dagogen, Sozialarbeiter, Arbeitscoaches, Arbeitsvermittler sowie Ausbildungs- und Personalverantwortliche informierten sich am vergangenen Donnerstag &hellip;<\/p>\n<\/div>","protected":false},"author":1,"featured_media":144150,"comment_status":"closed","ping_status":"closed","sticky":false,"template":"","format":"standard","meta":{"footnotes":""},"categories":[53],"tags":[],"class_list":["post-144143","post","type-post","status-publish","format-standard","has-post-thumbnail","hentry","category-bildung"],"_links":{"self":[{"href":"https:\/\/www.fuldaernachrichten.de\/index.php?rest_route=\/wp\/v2\/posts\/144143","targetHints":{"allow":["GET"]}}],"collection":[{"href":"https:\/\/www.fuldaernachrichten.de\/index.php?rest_route=\/wp\/v2\/posts"}],"about":[{"href":"https:\/\/www.fuldaernachrichten.de\/index.php?rest_route=\/wp\/v2\/types\/post"}],"author":[{"embeddable":true,"href":"https:\/\/www.fuldaernachrichten.de\/index.php?rest_route=\/wp\/v2\/users\/1"}],"replies":[{"embeddable":true,"href":"https:\/\/www.fuldaernachrichten.de\/index.php?rest_route=%2Fwp%2Fv2%2Fcomments&post=144143"}],"version-history":[{"count":1,"href":"https:\/\/www.fuldaernachrichten.de\/index.php?rest_route=\/wp\/v2\/posts\/144143\/revisions"}],"predecessor-version":[{"id":144156,"href":"https:\/\/www.fuldaernachrichten.de\/index.php?rest_route=\/wp\/v2\/posts\/144143\/revisions\/144156"}],"wp:featuredmedia":[{"embeddable":true,"href":"https:\/\/www.fuldaernachrichten.de\/index.php?rest_route=\/wp\/v2\/media\/144150"}],"wp:attachment":[{"href":"https:\/\/www.fuldaernachrichten.de\/index.php?rest_route=%2Fwp%2Fv2%2Fmedia&parent=144143"}],"wp:term":[{"taxonomy":"category","embeddable":true,"href":"https:\/\/www.fuldaernachrichten.de\/index.php?rest_route=%2Fwp%2Fv2%2Fcategories&post=144143"},{"taxonomy":"post_tag","embeddable":true,"href":"https:\/\/www.fuldaernachrichten.de\/index.php?rest_route=%2Fwp%2Fv2%2Ftags&post=144143"}],"curies":[{"name":"wp","href":"https:\/\/api.w.org\/{rel}","templated":true}]}}