{"id":144126,"date":"2015-10-08T09:00:02","date_gmt":"2015-10-08T07:00:02","guid":{"rendered":"http:\/\/www.fuldaer-nachrichten.de\/?p=144126"},"modified":"2015-10-08T09:00:02","modified_gmt":"2015-10-08T07:00:02","slug":"winterzeitkino-im-museumscafe-ich-klage-an-mit-anschliessender-diskussion-mit-herbert-heinzelmann-und-thomas-sitte","status":"publish","type":"post","link":"https:\/\/www.fuldaernachrichten.de\/?p=144126","title":{"rendered":"Winterzeitkino im Museumscaf\u00e9: \u201eIch klage an\u201c Mit anschlie\u00dfender Diskussion mit Herbert Heinzelmann und Thomas Sitte"},"content":{"rendered":"<p>Das Winterzeitkino im Museumscaf\u00e9 zeigt am 26. Oktober 2015, um 20.30 Uhr, den Film \u201eIch klage an\u201c. Der nationalsozialistische Propagandafilm entstand 1941 unter Regie von Wolfgang Liebeneiner. \u201eIch klage an\u201c sollte den Euthanasieaktionen Hitlers den Weg bereiten. 1939 gab Hitler den Euthanasie-Befehl oder \u201eGnadentoderlass\u201c woraufhin die organisierte T\u00f6tung \u201eGeisteskranker\u201c und chronisch kranker Patienten begann. In Kooperation mit der Friedrich-Wilhelm-Murnau-Stiftung darf er unter Vorbehalt gezeigt werden. Im Anschluss laden Herbert Heinzelmann vom Institut f\u00fcr Kino und Filmkultur sowie der Vorstandsvorsitzende der Deutschen PalliativStiftung Thomas Sitte zur Diskussion ein.<\/p>\n<p>Eine an Multiple Sklerose erkrankte junge Frau siecht qualvoll dahin und bittet ihren Hausarzt und Familienfreund sie durch den Gnadentod von ihren Leiden zu befreien. Als dieser ablehnt, bedr\u00e4ngt sie ihren Ehemann, einen namenhaften Mediziner, sie zu erl\u00f6sen. Da er seine Frau sehr liebt, ist er dazu bereit. Daraufhin wird ihm der Prozess gemacht, in dem verschiedenste Meinungen zur Sprache kommen.<\/p>\n<p>\u201eIch klage an\u201c ist ein sogenannter Vorbehaltsfilm, der nur in Begleitung eines Referenten gezeigt werden darf. Das Institut f\u00fcr Kino und Filmkultur veranstaltet im Auftrag der Friedrich-Wilhelm-Murnau-Stiftung Film-Seminare zu diesen NS-Propagandafilmen.<\/p>\n<p>Karten k\u00f6nnen vorab zum Preis von 5,50 \u00e2\u201a\u00ac im Museumscaf\u00e9 und bei der Fuldaer Zeitung (Peterstor) erworben werden oder an der Abendkasse f\u00fcr 7 \u00e2\u201a\u00ac. Sch\u00fcler und Studenten zahlen 5,50 \u00e2\u201a\u00ac. Einlass ist ab 20.00 Uhr.<\/p>\n","protected":false},"excerpt":{"rendered":"<div class=\"tmnf_excerpt\"><p>Das Winterzeitkino im Museumscaf\u00e9 zeigt am 26. Oktober 2015, um 20.30 Uhr, den Film \u201eIch klage an\u201c. Der nationalsozialistische Propagandafilm entstand 1941 unter Regie von Wolfgang Liebeneiner. \u201eIch klage an\u201c sollte den Euthanasieaktionen Hitlers den Weg bereiten. 1939 gab Hitler den Euthanasie-Befehl oder \u201eGnadentoderlass\u201c woraufhin die organisierte T\u00f6tung \u201eGeisteskranker\u201c und chronisch kranker Patienten begann. In &hellip;<\/p>\n<\/div>","protected":false},"author":1,"featured_media":0,"comment_status":"closed","ping_status":"closed","sticky":false,"template":"","format":"standard","meta":{"footnotes":""},"categories":[1],"tags":[],"class_list":["post-144126","post","type-post","status-publish","format-standard","hentry","category-startseite"],"_links":{"self":[{"href":"https:\/\/www.fuldaernachrichten.de\/index.php?rest_route=\/wp\/v2\/posts\/144126","targetHints":{"allow":["GET"]}}],"collection":[{"href":"https:\/\/www.fuldaernachrichten.de\/index.php?rest_route=\/wp\/v2\/posts"}],"about":[{"href":"https:\/\/www.fuldaernachrichten.de\/index.php?rest_route=\/wp\/v2\/types\/post"}],"author":[{"embeddable":true,"href":"https:\/\/www.fuldaernachrichten.de\/index.php?rest_route=\/wp\/v2\/users\/1"}],"replies":[{"embeddable":true,"href":"https:\/\/www.fuldaernachrichten.de\/index.php?rest_route=%2Fwp%2Fv2%2Fcomments&post=144126"}],"version-history":[{"count":1,"href":"https:\/\/www.fuldaernachrichten.de\/index.php?rest_route=\/wp\/v2\/posts\/144126\/revisions"}],"predecessor-version":[{"id":144132,"href":"https:\/\/www.fuldaernachrichten.de\/index.php?rest_route=\/wp\/v2\/posts\/144126\/revisions\/144132"}],"wp:attachment":[{"href":"https:\/\/www.fuldaernachrichten.de\/index.php?rest_route=%2Fwp%2Fv2%2Fmedia&parent=144126"}],"wp:term":[{"taxonomy":"category","embeddable":true,"href":"https:\/\/www.fuldaernachrichten.de\/index.php?rest_route=%2Fwp%2Fv2%2Fcategories&post=144126"},{"taxonomy":"post_tag","embeddable":true,"href":"https:\/\/www.fuldaernachrichten.de\/index.php?rest_route=%2Fwp%2Fv2%2Ftags&post=144126"}],"curies":[{"name":"wp","href":"https:\/\/api.w.org\/{rel}","templated":true}]}}