{"id":144125,"date":"2015-10-08T08:59:30","date_gmt":"2015-10-08T06:59:30","guid":{"rendered":"http:\/\/www.fuldaer-nachrichten.de\/?p=144125"},"modified":"2015-10-08T08:59:30","modified_gmt":"2015-10-08T06:59:30","slug":"1-500-sternsinger-werden-aktionsauftakt-in-fulda-feiern","status":"publish","type":"post","link":"https:\/\/www.fuldaernachrichten.de\/?p=144125","title":{"rendered":"1.500 Sternsinger werden Aktionsauftakt in Fulda feiern"},"content":{"rendered":"<p>1.500 Sternsinger werden am Dienstag, 29. Dezember, in Fulda die bundesweite Er\u00f6ffnung ihrer 58. Aktion Dreik\u00f6nigssingen feiern. Die M\u00e4dchen und Jungen werden vornehmlich aus allen Teilen des Bistums Fulda anreisen, doch auch G\u00e4ste aus den Nachbarbist\u00fcmern und aus weiteren deutschen Di\u00f6zesen werden beim Sternsingerauftakt 2016 dabei sein. Fulda ist zum ersten Mal Gastgeber einer Aktionser\u00f6ffnung der Sternsinger, die j\u00e4hrlich wechselnd ein anderes Bistum ausrichtet.<\/p>\n<p>Die Er\u00f6ffnung beginnt um 10 Uhr mit Musik und einem kurzen B\u00fchnenprogramm auf dem Universit\u00e4tsplatz. Von dort geht es f\u00fcr die Sternsinger um 11 Uhr zu vier Schulen in der Innenstadt, in denen die Kinder und Jugendlichen unter anderem Workshops zum Aktionsthema Respekt und zum Beispielland Bolivien erleben werden. Nach einem erneuten Treffen auf dem Universit\u00e4tsplatz ziehen die Sternsinger in den Dom und feiern dort um 15 Uhr mit Bischof Heinz Josef Algermissen den Er\u00f6ffnungsgottesdienst zum Dreik\u00f6nigssingen 2016.<\/p>\n<p>Bundesweite Tr\u00e4ger der Aktion Dreik\u00f6nigssingen sind das Kindermissionswerk \u201eDie Sternsinger\u201c und der Bund der Deutschen Katholischen Jugend (BDKJ). F\u00fcr die Er\u00f6ffnung in Fulda zeichnen der dortige BDKJ-Di\u00f6zesanverband sowie das Bisch\u00f6fliche Jugendamt verantwortlich. Informationen zur Anmeldung von Sternsingergruppen gibt es unter der folgenden Internetadresse: www.sternsinger.bistum-fulda.de<\/p>\n","protected":false},"excerpt":{"rendered":"<div class=\"tmnf_excerpt\"><p>1.500 Sternsinger werden am Dienstag, 29. Dezember, in Fulda die bundesweite Er\u00f6ffnung ihrer 58. Aktion Dreik\u00f6nigssingen feiern. Die M\u00e4dchen und Jungen werden vornehmlich aus allen Teilen des Bistums Fulda anreisen, doch auch G\u00e4ste aus den Nachbarbist\u00fcmern und aus weiteren deutschen Di\u00f6zesen werden beim Sternsingerauftakt 2016 dabei sein. Fulda ist zum ersten Mal Gastgeber einer Aktionser\u00f6ffnung &hellip;<\/p>\n<\/div>","protected":false},"author":1,"featured_media":0,"comment_status":"closed","ping_status":"closed","sticky":false,"template":"","format":"standard","meta":{"footnotes":""},"categories":[72,50],"tags":[],"class_list":["post-144125","post","type-post","status-publish","format-standard","hentry","category-jugend","category-kirche"],"_links":{"self":[{"href":"https:\/\/www.fuldaernachrichten.de\/index.php?rest_route=\/wp\/v2\/posts\/144125","targetHints":{"allow":["GET"]}}],"collection":[{"href":"https:\/\/www.fuldaernachrichten.de\/index.php?rest_route=\/wp\/v2\/posts"}],"about":[{"href":"https:\/\/www.fuldaernachrichten.de\/index.php?rest_route=\/wp\/v2\/types\/post"}],"author":[{"embeddable":true,"href":"https:\/\/www.fuldaernachrichten.de\/index.php?rest_route=\/wp\/v2\/users\/1"}],"replies":[{"embeddable":true,"href":"https:\/\/www.fuldaernachrichten.de\/index.php?rest_route=%2Fwp%2Fv2%2Fcomments&post=144125"}],"version-history":[{"count":1,"href":"https:\/\/www.fuldaernachrichten.de\/index.php?rest_route=\/wp\/v2\/posts\/144125\/revisions"}],"predecessor-version":[{"id":144131,"href":"https:\/\/www.fuldaernachrichten.de\/index.php?rest_route=\/wp\/v2\/posts\/144125\/revisions\/144131"}],"wp:attachment":[{"href":"https:\/\/www.fuldaernachrichten.de\/index.php?rest_route=%2Fwp%2Fv2%2Fmedia&parent=144125"}],"wp:term":[{"taxonomy":"category","embeddable":true,"href":"https:\/\/www.fuldaernachrichten.de\/index.php?rest_route=%2Fwp%2Fv2%2Fcategories&post=144125"},{"taxonomy":"post_tag","embeddable":true,"href":"https:\/\/www.fuldaernachrichten.de\/index.php?rest_route=%2Fwp%2Fv2%2Ftags&post=144125"}],"curies":[{"name":"wp","href":"https:\/\/api.w.org\/{rel}","templated":true}]}}