{"id":143903,"date":"2015-10-02T23:14:58","date_gmt":"2015-10-02T21:14:58","guid":{"rendered":"http:\/\/www.fuldaer-nachrichten.de\/?p=143903"},"modified":"2015-10-02T23:14:58","modified_gmt":"2015-10-02T21:14:58","slug":"caritas-kalender-2016-erschienen-verkauf-hat-begonnen","status":"publish","type":"post","link":"https:\/\/www.fuldaernachrichten.de\/?p=143903","title":{"rendered":"Caritas-Kalender 2016 erschienen \u2013 Verkauf hat begonnen"},"content":{"rendered":"<p>Das vierte Quartal 2015 hat begonnen \u2013 so mancher richtet nun schon seinen Blick auf das kommende Jahr. Da ist es gut, dass die Caritas-Kalender f\u00fcr 2016 nun auch erschienen und in der Caritas-Gesch\u00e4ftsstelle f\u00fcr alle Interessenten ab sofort bereit liegen. Wie in den Vorjahren bietet die Caritas auch diesmal sowohl den Abrei\u00dfkalender \u201eUnser t\u00e4glich Brot\u201c mit seinen wechselnden Impulsen aus der Bibel, klugen Gedanken von Schriftstellern und Philosophen, wie auch den rund 160 Seiten starken Buchkalender mit literarischen Texten und Themen wie Leben und Gesundheit, Haushalt und Garten an.<\/p>\n<p>Der Abrei\u00dfkalender kostet im Einzelpreis nach wie vor 4,50 Euro, den Buchkalender gibt es ebenfalls zum gleichen Preis wie im Vorjahr, n\u00e4mlich f\u00fcr 5,90 Euro, gegebenenfalls zzgl. Versandkosten. Bei gr\u00f6\u00dferen Bestellmengen ab f\u00fcnf Exemplaren einer Kalender-Sorte wird ein Mengenrabatt gew\u00e4hrt. Bestellungen senden Interessierte bitte per Mail an oeffentlichkeitsarbeit@caritas-fulda.de. Direkt erh\u00e4ltlich f\u00fcr Selbstabholer sind die Kalender zu den \u00fcblichen Gesch\u00e4ftszeiten beim Caritasverband f\u00fcr die Di\u00f6zese Fulda, Wilhelmstra\u00dfe 2, 36037 Fulda, Referat \u00d6ffentlichkeitsarbeit.<\/p>\n","protected":false},"excerpt":{"rendered":"<div class=\"tmnf_excerpt\"><p>Das vierte Quartal 2015 hat begonnen \u2013 so mancher richtet nun schon seinen Blick auf das kommende Jahr. Da ist es gut, dass die Caritas-Kalender f\u00fcr 2016 nun auch erschienen und in der Caritas-Gesch\u00e4ftsstelle f\u00fcr alle Interessenten ab sofort bereit liegen. Wie in den Vorjahren bietet die Caritas auch diesmal sowohl den Abrei\u00dfkalender \u201eUnser t\u00e4glich &hellip;<\/p>\n<\/div>","protected":false},"author":1,"featured_media":143905,"comment_status":"closed","ping_status":"closed","sticky":false,"template":"","format":"standard","meta":{"footnotes":""},"categories":[1],"tags":[],"class_list":["post-143903","post","type-post","status-publish","format-standard","has-post-thumbnail","hentry","category-startseite"],"_links":{"self":[{"href":"https:\/\/www.fuldaernachrichten.de\/index.php?rest_route=\/wp\/v2\/posts\/143903","targetHints":{"allow":["GET"]}}],"collection":[{"href":"https:\/\/www.fuldaernachrichten.de\/index.php?rest_route=\/wp\/v2\/posts"}],"about":[{"href":"https:\/\/www.fuldaernachrichten.de\/index.php?rest_route=\/wp\/v2\/types\/post"}],"author":[{"embeddable":true,"href":"https:\/\/www.fuldaernachrichten.de\/index.php?rest_route=\/wp\/v2\/users\/1"}],"replies":[{"embeddable":true,"href":"https:\/\/www.fuldaernachrichten.de\/index.php?rest_route=%2Fwp%2Fv2%2Fcomments&post=143903"}],"version-history":[{"count":1,"href":"https:\/\/www.fuldaernachrichten.de\/index.php?rest_route=\/wp\/v2\/posts\/143903\/revisions"}],"predecessor-version":[{"id":143906,"href":"https:\/\/www.fuldaernachrichten.de\/index.php?rest_route=\/wp\/v2\/posts\/143903\/revisions\/143906"}],"wp:featuredmedia":[{"embeddable":true,"href":"https:\/\/www.fuldaernachrichten.de\/index.php?rest_route=\/wp\/v2\/media\/143905"}],"wp:attachment":[{"href":"https:\/\/www.fuldaernachrichten.de\/index.php?rest_route=%2Fwp%2Fv2%2Fmedia&parent=143903"}],"wp:term":[{"taxonomy":"category","embeddable":true,"href":"https:\/\/www.fuldaernachrichten.de\/index.php?rest_route=%2Fwp%2Fv2%2Fcategories&post=143903"},{"taxonomy":"post_tag","embeddable":true,"href":"https:\/\/www.fuldaernachrichten.de\/index.php?rest_route=%2Fwp%2Fv2%2Ftags&post=143903"}],"curies":[{"name":"wp","href":"https:\/\/api.w.org\/{rel}","templated":true}]}}