{"id":143899,"date":"2015-10-02T23:15:21","date_gmt":"2015-10-02T21:15:21","guid":{"rendered":"http:\/\/www.fuldaer-nachrichten.de\/?p=143899"},"modified":"2015-10-02T23:15:21","modified_gmt":"2015-10-02T21:15:21","slug":"grosse-freude-ueber-greifbares-stueck-deutsche-einheit-gedenkmuenze-briefmarke-25-jahre-deutsche-einheit-ab-sofort-erhaeltlich","status":"publish","type":"post","link":"https:\/\/www.fuldaernachrichten.de\/?p=143899","title":{"rendered":"\u201eGro\u00dfe Freude \u00fcber greifbares St\u00fcck Deutsche Einheit\u201c Gedenkm\u00fcnze &#038; Briefmarke \u201e25 Jahre Deutsche Einheit\u201c ab sofort erh\u00e4ltlich"},"content":{"rendered":"<p>Ab sofort sind eine neue Gedenkm\u00fcnze und Briefmarke \u201e25 Jahre Deutsche Einheit\u201c erh\u00e4ltlich. Die M\u00fcnze und Marke w\u00fcrdigen die Wiedervereinigung Deutschlands, die sich in diesem Jahr zum 25. Mal j\u00e4hrt.<\/p>\n<p>\u201eGro\u00dfe Freude \u00fcber das greifbare St\u00fcck Deutsche Einheit\u201c haben in der Hessischen Landesvertretung in Berlin die Landesministerin f\u00fcr Bundes- und Europaangelegenheiten, Lucia Puttrich, und der osthessische Bundestagsabgeordnete Michael Brand zum Ausdruck gebracht. \u201eMit der Einheit vor 25 Jahren ist die Teilung unseres Landes und auch Europas \u00fcberwunden worden und unsere Heimat Osthessen ist von der Randlage ins Zentrum ger\u00fcckt\u201c, betonte Brand. \u201eDiesen besonderen Tag wollen wir feste feiern, denn ein gr\u00f6\u00dferes Gl\u00fcck gab es in der deutschen Geschichte nicht.\u201c<\/p>\n<p>Hessen richtet vom 2. bis 4. Oktober die Feierlichkeiten zum Tag der Deutschen Einheit aus. \u201eDeutschland feiert und macht 25 Jahre Geschichte im eigenen Land erlebbar\u201c, betonte Lucia Puttrich. Unter dem Motto \u201eGrenzen \u00fcberwinden\u201c l\u00e4dt die Hessische Landesregierung die B\u00fcrgerinnen und B\u00fcrger ein, \u201egemeinsam den wichtigsten Feiertag unserer j\u00fcngeren Geschichte zu begehen\u201c. Austragungsort f\u00fcr diese besondere Veranstaltung ist Frankfurt am Main. Mehr Informationen und das Programm gibt es unter www.tag-der-deutschen-einheit.de .<\/p>\n<p>Die limitierte 25-EURO-Gedenkm\u00fcnze, die durch Bundesfinanzminister Wolfgang Sch\u00e4uble an Bundesratspr\u00e4sident Volker Bouffier \u00fcbergeben wurde, kann ab dem 1. Oktober 2015 bei vielen Banken und Sparkassen sowie den Filialen der Deutschen Bundesbank erworben werden. Die Sonderbriefmarke hat einen Wert von 62 Cent und ist \u2013 ebenfalls ab sofort\u2013 in den Verkaufsstellen der Deutschen Post AG erh\u00e4ltlich.<\/p>\n","protected":false},"excerpt":{"rendered":"<div class=\"tmnf_excerpt\"><p>Ab sofort sind eine neue Gedenkm\u00fcnze und Briefmarke \u201e25 Jahre Deutsche Einheit\u201c erh\u00e4ltlich. Die M\u00fcnze und Marke w\u00fcrdigen die Wiedervereinigung Deutschlands, die sich in diesem Jahr zum 25. Mal j\u00e4hrt. \u201eGro\u00dfe Freude \u00fcber das greifbare St\u00fcck Deutsche Einheit\u201c haben in der Hessischen Landesvertretung in Berlin die Landesministerin f\u00fcr Bundes- und Europaangelegenheiten, Lucia Puttrich, und der &hellip;<\/p>\n<\/div>","protected":false},"author":1,"featured_media":143904,"comment_status":"closed","ping_status":"closed","sticky":false,"template":"","format":"standard","meta":{"footnotes":""},"categories":[29],"tags":[],"class_list":["post-143899","post","type-post","status-publish","format-standard","has-post-thumbnail","hentry","category-politik"],"_links":{"self":[{"href":"https:\/\/www.fuldaernachrichten.de\/index.php?rest_route=\/wp\/v2\/posts\/143899","targetHints":{"allow":["GET"]}}],"collection":[{"href":"https:\/\/www.fuldaernachrichten.de\/index.php?rest_route=\/wp\/v2\/posts"}],"about":[{"href":"https:\/\/www.fuldaernachrichten.de\/index.php?rest_route=\/wp\/v2\/types\/post"}],"author":[{"embeddable":true,"href":"https:\/\/www.fuldaernachrichten.de\/index.php?rest_route=\/wp\/v2\/users\/1"}],"replies":[{"embeddable":true,"href":"https:\/\/www.fuldaernachrichten.de\/index.php?rest_route=%2Fwp%2Fv2%2Fcomments&post=143899"}],"version-history":[{"count":1,"href":"https:\/\/www.fuldaernachrichten.de\/index.php?rest_route=\/wp\/v2\/posts\/143899\/revisions"}],"predecessor-version":[{"id":143909,"href":"https:\/\/www.fuldaernachrichten.de\/index.php?rest_route=\/wp\/v2\/posts\/143899\/revisions\/143909"}],"wp:featuredmedia":[{"embeddable":true,"href":"https:\/\/www.fuldaernachrichten.de\/index.php?rest_route=\/wp\/v2\/media\/143904"}],"wp:attachment":[{"href":"https:\/\/www.fuldaernachrichten.de\/index.php?rest_route=%2Fwp%2Fv2%2Fmedia&parent=143899"}],"wp:term":[{"taxonomy":"category","embeddable":true,"href":"https:\/\/www.fuldaernachrichten.de\/index.php?rest_route=%2Fwp%2Fv2%2Fcategories&post=143899"},{"taxonomy":"post_tag","embeddable":true,"href":"https:\/\/www.fuldaernachrichten.de\/index.php?rest_route=%2Fwp%2Fv2%2Ftags&post=143899"}],"curies":[{"name":"wp","href":"https:\/\/api.w.org\/{rel}","templated":true}]}}