{"id":143897,"date":"2015-10-02T23:13:16","date_gmt":"2015-10-02T21:13:16","guid":{"rendered":"http:\/\/www.fuldaer-nachrichten.de\/?p=143897"},"modified":"2015-10-02T23:13:16","modified_gmt":"2015-10-02T21:13:16","slug":"herbstfest-fulda-farbenspiel-irish-night-und-verkaufsoffener-sonntag","status":"publish","type":"post","link":"https:\/\/www.fuldaernachrichten.de\/?p=143897","title":{"rendered":"Herbstfest Fulda Farbenspiel, Irish Night und verkaufsoffener Sonntag"},"content":{"rendered":"<p>Das Herbstfest Fulda l\u00e4dt auch in diesem Jahr wieder mit einem bunten und abwechslungsreichen Programm zum Genie\u00dfen, Verweilen und Shoppen in die Innenstadt ein. Vom 16. bis 18. Oktober wird der Universit\u00e4tsplatz Treff- und Ausgangspunkt f\u00fcr zahlreiche Aktionen.<\/p>\n<p>Bunt und farbenfroh startet das diesj\u00e4hrige Herbstfest am Freitag, 16. Oktober auf dem Universit\u00e4tsplatz. Nach der Er\u00f6ffnung durch B\u00fcrgermeister Dag Wehner werden die besten Bilder vom Malwettbewerb \u201eIch male ein Bild f\u00fcr dich\u201c ab 14:30 Uhr auf der B\u00fchne pr\u00e4miert. Am Bildermalwettbewerb vom Bistum Fulda und missio konnten Kinder von 6-11 Jahren teilnehmen und mit einem selbstgemalten Bild Fl\u00fcchtlingskindern eine Freude schenken. Die \u00fcber 2000 eingesendeten Bilder wurden von einer Jury angeschaut und die 20 besten Einsendungen werden im Rahmen des Herbstfestes pr\u00e4miert und bei H\u00e4ndlern und Unternehmen in der Innenstadt ausgestellt. Zudem werden w\u00e4hrend des Herbstfestes alle eingesendeten Bilder in der Stadtpfarrkirche pr\u00e4sentiert. Musikalisch wird die Er\u00f6ffnung und Pr\u00e4mierung von \u201eHerr M\u00fcller und seine Gitarre\u201c begleitet. Das Kinderkonzert hat neben einem hohen Unterhaltungswert auch noch eine Mitmach-Garantie f\u00fcr die kleinen G\u00e4ste. Spielerisch, musikalisch und fantastisch geht es anschlie\u00dfend mit dem Familien- und Kinderprogramm vom Circus Ikarus und der Musikschule Ebert weiter. Atemlos und fehlerfrei geht das Herbstfest mit dem Helene Fischer Double ab 18:00 Uhr und mit der Party- und Coverband KultKlub ab 18:30 Uhr in einen farbenfrohen Herbstabend \u00fcber.<\/p>\n<p>Den perfekten Start in den goldenen Herbstsamstag macht am 17. Oktober ab 14:00 Uhr Lars Hansen. Der S\u00e4nger, Gitarrist und Komponist blickt bereits auf eine erfolgreiche Musikkarriere zur\u00fcck. Hansen war unter anderem im Vorprogramm von Joe Cocker oder Manfrad Mann\u00c2\u00b4s Earth Band und begeistert mit seiner Stimme und seinen Songs immer wieder sein Publikum. Ab 17:00 l\u00e4dt das Citymarketing zu einer Irish Night mit Guinness, Whiskey und rasantem Folk ein.<\/p>\n<p>Fulda ist mit seinen vielf\u00e4ltigen, individuellen und einzigartigen H\u00e4ndlern ein Eldorado f\u00fcr Shoppingfans. Beim stadtweiten verkaufsoffenen Sonntag am 18. Oktober von 13:00 bis 18:00 Uhr k\u00f6nnen alle den Flair und die Atmosph\u00e4re der Stadt genie\u00dfen. Kulinarisch und musikalisch wird es am Univers\u00e4tzplatz z\u00fcnftig, wenn die Volks- und Blaskapellen aus Hessen, Th\u00fcringen und Bayern zum gro\u00dfen Finale vom Herbstfest Fulda spielen. Zudem verwandelt sich der Borgiasplatz zu einem gro\u00dfen Kindertraum mit jeder Menge Spiel, Spa\u00df und Magie. Zauberlehrling Leon wird die kleinen G\u00e4ste in die Welt der Magie f\u00fchren, Andras Wahler mit seinem Puppentheater herzhaftes Kinderlachen erzeugen, beim Rumpelmobil kann Wissenswertes und Neues entdeckt werden sowie bei den vielen weiteren Aktionen geh\u00fcpft und gesprungen werden. Zum Entdecken und Wiederentdecken l\u00e4dt zudem der Stadtspaziergang durch Fulda ein. Von der farbenfrohen Herbstsymphonie oder von Kloster zu Kloster bis hin zum Hofleben im Wandel der Jahreszeiten bietet die Tourist Information spannende F\u00fchrungen zu familienfreundlichen Preisen. Alle Informationen und Tickets zu den Spazierg\u00e4ngen sind ab sofort in der Tourist Information Fulda erh\u00e4ltlich. Machen Sie sich auf dem Weg und entdecken Sie Fulda \u2013 farbenfroh, kulinarisch, musikalisch oder beim Einkaufen.<\/p>\n","protected":false},"excerpt":{"rendered":"<div class=\"tmnf_excerpt\"><p>Das Herbstfest Fulda l\u00e4dt auch in diesem Jahr wieder mit einem bunten und abwechslungsreichen Programm zum Genie\u00dfen, Verweilen und Shoppen in die Innenstadt ein. Vom 16. bis 18. Oktober wird der Universit\u00e4tsplatz Treff- und Ausgangspunkt f\u00fcr zahlreiche Aktionen. Bunt und farbenfroh startet das diesj\u00e4hrige Herbstfest am Freitag, 16. Oktober auf dem Universit\u00e4tsplatz. Nach der Er\u00f6ffnung &hellip;<\/p>\n<\/div>","protected":false},"author":1,"featured_media":0,"comment_status":"closed","ping_status":"closed","sticky":false,"template":"","format":"standard","meta":{"footnotes":""},"categories":[1],"tags":[],"class_list":["post-143897","post","type-post","status-publish","format-standard","hentry","category-startseite"],"_links":{"self":[{"href":"https:\/\/www.fuldaernachrichten.de\/index.php?rest_route=\/wp\/v2\/posts\/143897","targetHints":{"allow":["GET"]}}],"collection":[{"href":"https:\/\/www.fuldaernachrichten.de\/index.php?rest_route=\/wp\/v2\/posts"}],"about":[{"href":"https:\/\/www.fuldaernachrichten.de\/index.php?rest_route=\/wp\/v2\/types\/post"}],"author":[{"embeddable":true,"href":"https:\/\/www.fuldaernachrichten.de\/index.php?rest_route=\/wp\/v2\/users\/1"}],"replies":[{"embeddable":true,"href":"https:\/\/www.fuldaernachrichten.de\/index.php?rest_route=%2Fwp%2Fv2%2Fcomments&post=143897"}],"version-history":[{"count":1,"href":"https:\/\/www.fuldaernachrichten.de\/index.php?rest_route=\/wp\/v2\/posts\/143897\/revisions"}],"predecessor-version":[{"id":143900,"href":"https:\/\/www.fuldaernachrichten.de\/index.php?rest_route=\/wp\/v2\/posts\/143897\/revisions\/143900"}],"wp:attachment":[{"href":"https:\/\/www.fuldaernachrichten.de\/index.php?rest_route=%2Fwp%2Fv2%2Fmedia&parent=143897"}],"wp:term":[{"taxonomy":"category","embeddable":true,"href":"https:\/\/www.fuldaernachrichten.de\/index.php?rest_route=%2Fwp%2Fv2%2Fcategories&post=143897"},{"taxonomy":"post_tag","embeddable":true,"href":"https:\/\/www.fuldaernachrichten.de\/index.php?rest_route=%2Fwp%2Fv2%2Ftags&post=143897"}],"curies":[{"name":"wp","href":"https:\/\/api.w.org\/{rel}","templated":true}]}}