{"id":143890,"date":"2015-10-02T23:12:32","date_gmt":"2015-10-02T21:12:32","guid":{"rendered":"http:\/\/www.fuldaer-nachrichten.de\/?p=143890"},"modified":"2015-10-02T23:12:32","modified_gmt":"2015-10-02T21:12:32","slug":"ausstellung-die-gute-form-eroeffnet","status":"publish","type":"post","link":"https:\/\/www.fuldaernachrichten.de\/?p=143890","title":{"rendered":"Ausstellung \u201eDie Gute Form\u201c er\u00f6ffnet"},"content":{"rendered":"<p>\u201eBereits zum siebten Mal ist die Schreiner-Innung Fulda mit ihrer Ausstellung \u201eDie Gute Form\u201c bei uns Gast im Kundencenter\u201c. Mit diesen Worten begr\u00fc\u00dfte Martin Heun, Gesch\u00e4ftsf\u00fchrer der Rh\u00f6nenergie Fulda,\u00c2\u00a0 die rund 50 zur Ausstellunger\u00f6ffnung geladenen G\u00e4ste. Bis zum 30. Oktober 2015 k\u00f6nnen Besucher des Kundencenters in der Bahnhofstra\u00dfe in Fulda ausgew\u00e4hlte Gesellenst\u00fccke des Jahrgangs 2015 besichtigen.\u00c2\u00a0 Zu sehen gibt es viele interessante M\u00f6belst\u00fccke, vom Weinschrank \u00fcber den Schreibtisch bis zum Luxusbett.<\/p>\n<p>\u201eDie Gute Form\u201c ist ein Wettbewerb, an dem sich j\u00e4hrlich die Nachwuchsgesellen der Schreiner-Innung Fulda beteiligen. \u201eDie Gute Form\u201c sei wichtiger Bestandteil der dreij\u00e4hrigen Ausbildung, mit dem die jungen Leute zu H\u00f6chstleistungen angetrieben w\u00fcrden, so Obermeister Stefan Semler in seiner Ansprache. Denn wer als junger Schreinergeselle sich beim Wettbewerb \u201eDie Gute Form\u201c auf dem Siegerpodest platzieren k\u00f6nne, br\u00e4uchte sich \u00fcber seine sp\u00e4tere berufliche Zukunft keine Gedanken mehr zu machen. Die Fuldaer Innung w\u00fcrde sehr viel f\u00fcr die F\u00f6rderung und Unterst\u00fctzung ihres Nachwuchses tun, was weit \u00fcber das sonst \u00fcbliche Ma\u00df hinauslaufen w\u00fcrde, so der Obermeister weiter. Denn in einem n\u00e4chsten Schritt m\u00fcssten sich die regionalen Sieger dann auf Landes- und schlie\u00dflich auch auf Bundesebene gegen eine starke Konkurrenz behaupten. Der Fuldaer Innung sei es wichtig, dabei immer gut abzuschneiden.\u00c2\u00a0 Deshalb w\u00fcrde die Innung dem Nachwuchs ihrer Mitgliedsbetriebe auch regelm\u00e4\u00dfig einen Gestaltungskurs bei einem renommierten M\u00f6beldesigner finanzieren, um die jungen Leute schon w\u00e4hrend der Ausbildung optimal auf diesen Wettbewerb vorzubereiten. Alle im Kundencenter gezeigten Gesellenst\u00fccke seien einzigartige Unikate. Alle gezeigten St\u00fccke seien deshalb Sieger, unabh\u00e4ngig davon, ob sie einen Preis erhalten w\u00fcrden oder nicht, so der Obermeister.<\/p>\n<p>Gesch\u00e4ftsf\u00fchrer Martin Heun \u00fcberreicht pers\u00f6nlich den Wettbewerbssiegern von der Rh\u00f6nenergie gestiftete Pr\u00e4sente. Im Anschluss daran stellten die jungen Gesellen den G\u00e4sten ihr jeweiliges Gesellenst\u00fcck vor. Moderiert und unterst\u00fctzt wurden sie dabei von Schreinermeister Marco Gretsch, der es sich nicht nehmen lie\u00df, die Aufmerksamkeit der G\u00e4ste immer wieder auf raffinierte Details und Besonderheiten der einzelnen Exponate zu lenken.<\/p>\n<p>Bild: Von l.:\u00c2\u00a0 Stefan Semler, Dominic Klug, Ausbildungsbetrieb Schreinerwerkst\u00e4tte Weber in Flieden (1. Platz), Alexander Kramm, Ausbildungsbetrieb Schreinerei Kl\u00fcber in Burghaun (Belobigung), Michael R\u00f6der, Ausbildungsbetrieb Ludwig Vey &amp; S\u00f6hne in Reulbach (2. Platz), Pascal Trautrims, Ausbildungsbetrieb M\u00f6belwerkst\u00e4tten Frohnapfel in Weyhers (Belobigung),\u00c2\u00a0 Martin Heun.\u00c2\u00a0 \u00e2\u20ac\u00a8Es fehlt: Lukas Fuchs, Ausbildungsbetrieb Schreinerei Brehler in Bad Salzschlirf (3. Platz)<\/p>\n","protected":false},"excerpt":{"rendered":"<div class=\"tmnf_excerpt\"><p>\u201eBereits zum siebten Mal ist die Schreiner-Innung Fulda mit ihrer Ausstellung \u201eDie Gute Form\u201c bei uns Gast im Kundencenter\u201c. Mit diesen Worten begr\u00fc\u00dfte Martin Heun, Gesch\u00e4ftsf\u00fchrer der Rh\u00f6nenergie Fulda,\u00c2\u00a0 die rund 50 zur Ausstellunger\u00f6ffnung geladenen G\u00e4ste. Bis zum 30. Oktober 2015 k\u00f6nnen Besucher des Kundencenters in der Bahnhofstra\u00dfe in Fulda ausgew\u00e4hlte Gesellenst\u00fccke des Jahrgangs 2015 &hellip;<\/p>\n<\/div>","protected":false},"author":1,"featured_media":143893,"comment_status":"closed","ping_status":"closed","sticky":false,"template":"","format":"standard","meta":{"footnotes":""},"categories":[1],"tags":[],"class_list":["post-143890","post","type-post","status-publish","format-standard","has-post-thumbnail","hentry","category-startseite"],"_links":{"self":[{"href":"https:\/\/www.fuldaernachrichten.de\/index.php?rest_route=\/wp\/v2\/posts\/143890","targetHints":{"allow":["GET"]}}],"collection":[{"href":"https:\/\/www.fuldaernachrichten.de\/index.php?rest_route=\/wp\/v2\/posts"}],"about":[{"href":"https:\/\/www.fuldaernachrichten.de\/index.php?rest_route=\/wp\/v2\/types\/post"}],"author":[{"embeddable":true,"href":"https:\/\/www.fuldaernachrichten.de\/index.php?rest_route=\/wp\/v2\/users\/1"}],"replies":[{"embeddable":true,"href":"https:\/\/www.fuldaernachrichten.de\/index.php?rest_route=%2Fwp%2Fv2%2Fcomments&post=143890"}],"version-history":[{"count":1,"href":"https:\/\/www.fuldaernachrichten.de\/index.php?rest_route=\/wp\/v2\/posts\/143890\/revisions"}],"predecessor-version":[{"id":143894,"href":"https:\/\/www.fuldaernachrichten.de\/index.php?rest_route=\/wp\/v2\/posts\/143890\/revisions\/143894"}],"wp:featuredmedia":[{"embeddable":true,"href":"https:\/\/www.fuldaernachrichten.de\/index.php?rest_route=\/wp\/v2\/media\/143893"}],"wp:attachment":[{"href":"https:\/\/www.fuldaernachrichten.de\/index.php?rest_route=%2Fwp%2Fv2%2Fmedia&parent=143890"}],"wp:term":[{"taxonomy":"category","embeddable":true,"href":"https:\/\/www.fuldaernachrichten.de\/index.php?rest_route=%2Fwp%2Fv2%2Fcategories&post=143890"},{"taxonomy":"post_tag","embeddable":true,"href":"https:\/\/www.fuldaernachrichten.de\/index.php?rest_route=%2Fwp%2Fv2%2Ftags&post=143890"}],"curies":[{"name":"wp","href":"https:\/\/api.w.org\/{rel}","templated":true}]}}