{"id":143881,"date":"2015-10-02T23:10:50","date_gmt":"2015-10-02T21:10:50","guid":{"rendered":"http:\/\/www.fuldaer-nachrichten.de\/?p=143881"},"modified":"2015-10-02T23:10:50","modified_gmt":"2015-10-02T21:10:50","slug":"tag-der-regionen-am-4-oktober-in-bad-salzschlirf","status":"publish","type":"post","link":"https:\/\/www.fuldaernachrichten.de\/?p=143881","title":{"rendered":"Tag der Regionen am 4. Oktober in Bad Salzschlirf"},"content":{"rendered":"<p>Die Gemeinde Bad Salzschlirf als Mitglied des Regionalforums Fulda S\u00fcdwest ist am Sonntag, 4. Oktober, zum zweiten Mal Ausrichter des \u201eTag der Regionen\u201c. Gesundheit und das Leben im Alter sind besondere Schwerpunktthemen beim diesj\u00e4hrigen Tag der Regionen von 11.00 Uhr bis 17.00 Uhr.<\/p>\n<p>Bad Salzschlirf, einziges Heilbad im Landkreis Fulda empf\u00e4ngt seit \u00fcber 175 Jahre Erfahrung G\u00e4ste in heilender und entspannter Atmosph\u00e4re. Das soll auch f\u00fcr die Besucher beim Tag der Regionen gelten. Die Kurparkresidenz und das Gesundheits-Ressort Dr. W\u00fcsthofen\u00c2\u00ae informieren \u00fcber ihre H\u00e4user, im und rund um den Kulturkessel stellen sich Unternehmen, Vereine und Institutionen vor, und die Gesch\u00e4fte laden zum \u201eVerkaufsoffenen Sonntag\u201c ein.<\/p>\n<p>F\u00fcr die Kleinsten wird ein kurzweiliges Kinderprogramm angeboten. Im Foyer des Kulturkessels sie Vogelh\u00e4uschen bauen. Viel zu staunen und zu schauen gibt es bei der Fahrzeugausstellung und Vorf\u00fchrungen der Freiwilligen Feuerwehr Bad Salzschlirf. Die Spielwiese Fulda bietet zahlreiche Spielattraktionen und die Sparkasse Fulda Spa\u00df mit dem Fahrsimulator. In der Gemeindeb\u00fccherei gibt es Bastel- und Leseangebote f\u00fcr Kinder.<\/p>\n<p>F\u00fcr Senioren bietet die Verkehrswacht interessante Aktionen rund um das Thema \u201eSenioren im Stra\u00dfenverkehr\u201c. Sehtest, Reaktionstest, Rausch-Brillenparcours, Fahrradsimulatoren und E-Bikes laden zum Mitmachen ein. Auch Kulturliebhaber kommen auf ihre Kosten. Im Kulturbahnhof findet eine Ausstellung mit Bildern des Kultursommers Mittelhessen statt, das Heimatmuseum \u00f6ffnet seine T\u00fcren, und die Jugendstil-Damen flanieren durch den Kurpark.<\/p>\n","protected":false},"excerpt":{"rendered":"<div class=\"tmnf_excerpt\"><p>Die Gemeinde Bad Salzschlirf als Mitglied des Regionalforums Fulda S\u00fcdwest ist am Sonntag, 4. Oktober, zum zweiten Mal Ausrichter des \u201eTag der Regionen\u201c. Gesundheit und das Leben im Alter sind besondere Schwerpunktthemen beim diesj\u00e4hrigen Tag der Regionen von 11.00 Uhr bis 17.00 Uhr. Bad Salzschlirf, einziges Heilbad im Landkreis Fulda empf\u00e4ngt seit \u00fcber 175 Jahre &hellip;<\/p>\n<\/div>","protected":false},"author":1,"featured_media":0,"comment_status":"closed","ping_status":"closed","sticky":false,"template":"","format":"standard","meta":{"footnotes":""},"categories":[1],"tags":[],"class_list":["post-143881","post","type-post","status-publish","format-standard","hentry","category-startseite"],"_links":{"self":[{"href":"https:\/\/www.fuldaernachrichten.de\/index.php?rest_route=\/wp\/v2\/posts\/143881","targetHints":{"allow":["GET"]}}],"collection":[{"href":"https:\/\/www.fuldaernachrichten.de\/index.php?rest_route=\/wp\/v2\/posts"}],"about":[{"href":"https:\/\/www.fuldaernachrichten.de\/index.php?rest_route=\/wp\/v2\/types\/post"}],"author":[{"embeddable":true,"href":"https:\/\/www.fuldaernachrichten.de\/index.php?rest_route=\/wp\/v2\/users\/1"}],"replies":[{"embeddable":true,"href":"https:\/\/www.fuldaernachrichten.de\/index.php?rest_route=%2Fwp%2Fv2%2Fcomments&post=143881"}],"version-history":[{"count":1,"href":"https:\/\/www.fuldaernachrichten.de\/index.php?rest_route=\/wp\/v2\/posts\/143881\/revisions"}],"predecessor-version":[{"id":143884,"href":"https:\/\/www.fuldaernachrichten.de\/index.php?rest_route=\/wp\/v2\/posts\/143881\/revisions\/143884"}],"wp:attachment":[{"href":"https:\/\/www.fuldaernachrichten.de\/index.php?rest_route=%2Fwp%2Fv2%2Fmedia&parent=143881"}],"wp:term":[{"taxonomy":"category","embeddable":true,"href":"https:\/\/www.fuldaernachrichten.de\/index.php?rest_route=%2Fwp%2Fv2%2Fcategories&post=143881"},{"taxonomy":"post_tag","embeddable":true,"href":"https:\/\/www.fuldaernachrichten.de\/index.php?rest_route=%2Fwp%2Fv2%2Ftags&post=143881"}],"curies":[{"name":"wp","href":"https:\/\/api.w.org\/{rel}","templated":true}]}}