{"id":143848,"date":"2015-09-29T13:47:55","date_gmt":"2015-09-29T11:47:55","guid":{"rendered":"http:\/\/www.fuldaer-nachrichten.de\/?p=143848"},"modified":"2015-09-29T13:47:55","modified_gmt":"2015-09-29T11:47:55","slug":"birgit-koempel-zu-besuch-bei-hessencampus","status":"publish","type":"post","link":"https:\/\/www.fuldaernachrichten.de\/?p=143848","title":{"rendered":"Birgit K\u00f6mpel zu Besuch bei Hessencampus"},"content":{"rendered":"<p>Mehr als 4000 B\u00fcrgerinnen und B\u00fcrger haben die Beratung des Hessencampus Fulda im Fuldaer ITZ seit 2008 genutzt. Bei einem Besuch konnte sich die SPD-Bundestagsabgeordnete Birgit K\u00f6mpel ein Bild von der Arbeit der beiden Berater Peter Hille und Bernd Kromp machen.<\/p>\n<p>Die Einrichtung sorgt f\u00fcr Transparenz auf dem Bildungsmarkt, unterst\u00fctzt in der Karriereplanung, ber\u00e4t in Weiterbildungsfragen und gew\u00e4hrt finanzielle Unterst\u00fctzung. \u201eWir sind das einzige Institut in Fulda, das die Bildungspr\u00e4mie gew\u00e4hren kann\u201c, berichtet Bernd Kromp. Hessencampus ist immerhin 20mal in Hessen vertreten, doch keine andere Einrichtung ist so gut frequentiert, wie die Fuldaer. 800 Beratungen werden im Jahr durchschnittlich angeboten. Davon sind es 650 individuelle Gespr\u00e4che, der Rest erfolgt in Gruppensitzungen. \u201eWir orientieren uns in den Gespr\u00e4chen sehr an den Ressourcen und den Biographien unserer Interessenten\u201c, berichtet Peter Hille. Gef\u00f6rdert wird das Institut aus zwei T\u00f6pfen: Dem des hessischen Kultusministeriums und dem des Landkreises Fulda.<\/p>\n<p>Schon vor dem Anrollen der Fl\u00fcchtlingswelle stand Hessencampus stets im Kontakt mit Migranten, um diese auszubilden. Birgit K\u00f6mpel: \u201eWir d\u00fcrfen aktuell nicht wieder die Fehler aus den 1960er und 70er Jahren machen. Da konzentrierte sich bei der Ausbildung alles auf die M\u00e4nner, die Frauen wurden vernachl\u00e4ssigt. \u201eWie m\u00fcssen auch die Frauen mitnehmen, auch und insbesondere um unsere Grundwerte wie zum Beispiel die Gleichberechtigung von Mann und Frau bei der Integration zu vermitteln.\u201c Nicht sonderlich zufrieden sind die beiden Berater dar\u00fcber, dass vielen Menschen das Angebot dieser interessanten Einrichtung\u00c2\u00a0 gar nicht pr\u00e4sent ist. Birgit K\u00f6mpel versprach,\u00c2\u00a0 an der Steigerung des Bekanntheitsgrades mitzuwirken.<\/p>\n<p>Weitere Infos gibt es www.hessencampus.de<\/p>\n<p>Das Foto zeigt von links: Bernd Kromp, Birgit K\u00f6mpel und Peter Hille.<\/p>\n","protected":false},"excerpt":{"rendered":"<div class=\"tmnf_excerpt\"><p>Mehr als 4000 B\u00fcrgerinnen und B\u00fcrger haben die Beratung des Hessencampus Fulda im Fuldaer ITZ seit 2008 genutzt. Bei einem Besuch konnte sich die SPD-Bundestagsabgeordnete Birgit K\u00f6mpel ein Bild von der Arbeit der beiden Berater Peter Hille und Bernd Kromp machen. Die Einrichtung sorgt f\u00fcr Transparenz auf dem Bildungsmarkt, unterst\u00fctzt in der Karriereplanung, ber\u00e4t in &hellip;<\/p>\n<\/div>","protected":false},"author":1,"featured_media":143851,"comment_status":"closed","ping_status":"closed","sticky":false,"template":"","format":"standard","meta":{"footnotes":""},"categories":[53,29],"tags":[],"class_list":["post-143848","post","type-post","status-publish","format-standard","has-post-thumbnail","hentry","category-bildung","category-politik"],"_links":{"self":[{"href":"https:\/\/www.fuldaernachrichten.de\/index.php?rest_route=\/wp\/v2\/posts\/143848","targetHints":{"allow":["GET"]}}],"collection":[{"href":"https:\/\/www.fuldaernachrichten.de\/index.php?rest_route=\/wp\/v2\/posts"}],"about":[{"href":"https:\/\/www.fuldaernachrichten.de\/index.php?rest_route=\/wp\/v2\/types\/post"}],"author":[{"embeddable":true,"href":"https:\/\/www.fuldaernachrichten.de\/index.php?rest_route=\/wp\/v2\/users\/1"}],"replies":[{"embeddable":true,"href":"https:\/\/www.fuldaernachrichten.de\/index.php?rest_route=%2Fwp%2Fv2%2Fcomments&post=143848"}],"version-history":[{"count":1,"href":"https:\/\/www.fuldaernachrichten.de\/index.php?rest_route=\/wp\/v2\/posts\/143848\/revisions"}],"predecessor-version":[{"id":143853,"href":"https:\/\/www.fuldaernachrichten.de\/index.php?rest_route=\/wp\/v2\/posts\/143848\/revisions\/143853"}],"wp:featuredmedia":[{"embeddable":true,"href":"https:\/\/www.fuldaernachrichten.de\/index.php?rest_route=\/wp\/v2\/media\/143851"}],"wp:attachment":[{"href":"https:\/\/www.fuldaernachrichten.de\/index.php?rest_route=%2Fwp%2Fv2%2Fmedia&parent=143848"}],"wp:term":[{"taxonomy":"category","embeddable":true,"href":"https:\/\/www.fuldaernachrichten.de\/index.php?rest_route=%2Fwp%2Fv2%2Fcategories&post=143848"},{"taxonomy":"post_tag","embeddable":true,"href":"https:\/\/www.fuldaernachrichten.de\/index.php?rest_route=%2Fwp%2Fv2%2Ftags&post=143848"}],"curies":[{"name":"wp","href":"https:\/\/api.w.org\/{rel}","templated":true}]}}