{"id":143846,"date":"2015-09-29T13:46:55","date_gmt":"2015-09-29T11:46:55","guid":{"rendered":"http:\/\/www.fuldaer-nachrichten.de\/?p=143846"},"modified":"2015-09-29T13:46:55","modified_gmt":"2015-09-29T11:46:55","slug":"vertrieben-nach-buedingen-geschichtswerkstatt-sucht-zeitzeugen","status":"publish","type":"post","link":"https:\/\/www.fuldaernachrichten.de\/?p=143846","title":{"rendered":"Vertrieben nach B\u00fcdingen &#8211; Geschichtswerkstatt sucht Zeitzeugen"},"content":{"rendered":"<p>Infolge des 2. Weltkriegs waren viele Deutsche auf der Flucht. 12 Millionen Menschen wurden nach Kriegsende aus den Gebieten \u00f6stlich von Oder und Nei\u00dfe und aus Ost- und S\u00fcdosteuropa vertrieben. Auch nach B\u00fcdingen kamen viele Fl\u00fcchtlinge, im Altkreis B\u00fcdingen wurden bis zum 1. Juni 1949 20.341 Menschen aufgenommen. 1946 kam Willi Zinnkann als Kreisfl\u00fcchtlingskommissar nach B\u00fcdingen. Von ihm sind Schilderungen der Wohnungsnot der Fl\u00fcchtlinge und der Ablehnung der einheimischen Bev\u00f6lkerung gegen\u00fcber den \u201eMitessern\u201c \u00fcberliefert.<\/p>\n<p>Die Geschichtswerkstatt B\u00fcdingen wird ein Buch herausgeben, das die Lage der Fl\u00fcchtlinge in unserer Region veranschaulicht.<\/p>\n<p>Wie verlief ihre Flucht?<br \/>\nWie wurden sie in B\u00fcdingen aufgenommen?<br \/>\nWelche Schwierigkeiten traten in Bezug auf Unterkunft, Arbeit und Verpflegung auf?<br \/>\nWie war die Haltung der einheimischen Bev\u00f6lkerung, wie verlief die Integration?<br \/>\nWelche besonderen Ereignisse blieben in Erinnerung?<br \/>\nDiese Fragestellungen sind nat\u00fcrlich &#8211; je nach pers\u00f6nlichen Erlebnissen &#8211; erweiterbar und sollen nur eine grobe Richtung angeben.<\/p>\n<p>Die Geschichtswerkstatt B\u00fcdingen sucht daher Zeitzeugen aus unserer Region, die ihre Lebenssituation in der Nachkriegszeit aufgeschrieben haben oder ihre Erinnerungen an diese Zeit aufschreiben m\u00f6chten. Auch Ur-B\u00fcdinger sollen zu Wort kommen, um die damalige Situation aus ihrer Sicht darzustellen. Gesucht werden weiterhin Fotos und Dokumente, die die Situation der Fl\u00fcchtlinge in der damaligen Zeit veranschaulichen.<br \/>\nWer Interesse hat, an diesem Projekt mitzuwirken, melde sich bitte bei der Geschichtswerkstatt B\u00fcdingen unter Tel. 06042-952334 und joachim.cott@t-online.de.<\/p>\n","protected":false},"excerpt":{"rendered":"<div class=\"tmnf_excerpt\"><p>Infolge des 2. Weltkriegs waren viele Deutsche auf der Flucht. 12 Millionen Menschen wurden nach Kriegsende aus den Gebieten \u00f6stlich von Oder und Nei\u00dfe und aus Ost- und S\u00fcdosteuropa vertrieben. Auch nach B\u00fcdingen kamen viele Fl\u00fcchtlinge, im Altkreis B\u00fcdingen wurden bis zum 1. Juni 1949 20.341 Menschen aufgenommen. 1946 kam Willi Zinnkann als Kreisfl\u00fcchtlingskommissar nach &hellip;<\/p>\n<\/div>","protected":false},"author":1,"featured_media":0,"comment_status":"closed","ping_status":"closed","sticky":false,"template":"","format":"standard","meta":{"footnotes":""},"categories":[1],"tags":[],"class_list":["post-143846","post","type-post","status-publish","format-standard","hentry","category-startseite"],"_links":{"self":[{"href":"https:\/\/www.fuldaernachrichten.de\/index.php?rest_route=\/wp\/v2\/posts\/143846","targetHints":{"allow":["GET"]}}],"collection":[{"href":"https:\/\/www.fuldaernachrichten.de\/index.php?rest_route=\/wp\/v2\/posts"}],"about":[{"href":"https:\/\/www.fuldaernachrichten.de\/index.php?rest_route=\/wp\/v2\/types\/post"}],"author":[{"embeddable":true,"href":"https:\/\/www.fuldaernachrichten.de\/index.php?rest_route=\/wp\/v2\/users\/1"}],"replies":[{"embeddable":true,"href":"https:\/\/www.fuldaernachrichten.de\/index.php?rest_route=%2Fwp%2Fv2%2Fcomments&post=143846"}],"version-history":[{"count":1,"href":"https:\/\/www.fuldaernachrichten.de\/index.php?rest_route=\/wp\/v2\/posts\/143846\/revisions"}],"predecessor-version":[{"id":143849,"href":"https:\/\/www.fuldaernachrichten.de\/index.php?rest_route=\/wp\/v2\/posts\/143846\/revisions\/143849"}],"wp:attachment":[{"href":"https:\/\/www.fuldaernachrichten.de\/index.php?rest_route=%2Fwp%2Fv2%2Fmedia&parent=143846"}],"wp:term":[{"taxonomy":"category","embeddable":true,"href":"https:\/\/www.fuldaernachrichten.de\/index.php?rest_route=%2Fwp%2Fv2%2Fcategories&post=143846"},{"taxonomy":"post_tag","embeddable":true,"href":"https:\/\/www.fuldaernachrichten.de\/index.php?rest_route=%2Fwp%2Fv2%2Ftags&post=143846"}],"curies":[{"name":"wp","href":"https:\/\/api.w.org\/{rel}","templated":true}]}}