{"id":143826,"date":"2015-09-29T11:13:40","date_gmt":"2015-09-29T09:13:40","guid":{"rendered":"http:\/\/www.fuldaer-nachrichten.de\/?p=143826"},"modified":"2015-09-29T11:13:40","modified_gmt":"2015-09-29T09:13:40","slug":"velux-spricht-sich-fuer-bewohnerfreundliche-energieeffizienzstrategie-gebaeude-aus","status":"publish","type":"post","link":"https:\/\/www.fuldaernachrichten.de\/?p=143826","title":{"rendered":"Velux spricht sich f\u00fcr bewohnerfreundliche \u201eEnergieeffizienzstrategie Geb\u00e4ude\u201c aus"},"content":{"rendered":"<p>Energiesparen allein ist f\u00fcr einen Gro\u00dfteil der Deutschen kein ausreichender Anreiz zu privaten Investitionen. Nur in Kombination mit Wohnkomfort und Wohnqualit\u00e4t entsteht f\u00fcr Bauherren und Bewohner ein Anreiz, in energieeffiziente H\u00e4user zu investieren. Bei der Erarbeitung der \u201eEnergieeffizienzstrategie Geb\u00e4ude\u201c, die das Bundeskabinett im November beschlie\u00dfen will, m\u00fcssen laut Velux daher neben den Anforderungen an den Energieverbrauch die Bed\u00fcrfnisse und das Verhalten der Nutzer st\u00e4rker in den Blick genommen werden.<\/p>\n<p>Um die Klima- und Energieeffizienzziele der Bundesregierung bis 2050 zu erreichen, muss der heutige Geb\u00e4udebestand tiefgehend ver\u00e4ndert werden. Ein derartiger Wandel unserer Lebens- und Wohnumwelt erfordert unbedingt die Akzeptanz und die Mitwirkung der B\u00fcrger.<\/p>\n<p>\u201eDie bisherige Fokussierung bei der energetischen Sanierung auf Energieeinsparungen hat bisher keine ausreichende Sanierungsbereitschaft zur Erreichung der Klimaziele geschaffen. Dabei sind die Deutschen bereit, f\u00fcr gute Wohnqualit\u00e4t und Wohngesundheit Geld auszugeben. Unser L\u00f6sungsvorschlag f\u00fcr die stockende energetische Sanierung ist es daher, dem Bauherren und Bewohner ein attraktives Gesamtpaket aus Energieeffizienz und Wohnqualit\u00e4t zu schn\u00fcren. Nur so k\u00f6nnen wir die Akzeptanz sichern, und die Klimaziele ohne erhebliche ordnungsrechtliche Eingriffe erreichen.\u201c, erkl\u00e4rt Till Reine, Leiter Public Affairs, Velux Deutschland GmbH.<\/p>\n<p>Um die Anforderungen der Menschen an Wohngeb\u00e4ude und ihre Beweggr\u00fcnde f\u00fcr Renovierungen zu verstehen, hat Velux eine europaweite Umfrage unter 12.000 B\u00fcrgern zu Einstellung und Verhalten in Bezug auf Umweltauswirkungen, Energieverbrauch und Komfort ihres Zuhauses durchf\u00fchren lassen. Das Healthy Homes Barometer 2015 liefert das klare Ergebnis, dass der Lebensraum \u201eZuhause\u201c den Deutschen f\u00fcr Wohlbefinden und Gesundheit extrem wichtig ist. F\u00fcr die Menschen in Deutschland sind guter Schlaf, Tageslicht und frische Luft in ihrem Zuhause, die drei wichtigsten Kriterien, die dazu beitragen, gesund zu bleiben. Damit sind diese mit dem Wohnbereich zusammenh\u00e4ngenden Einfl\u00fcsse f\u00fcr die Deutschen sogar wichtiger als Nichtrauchen, ausreichende Bewegung oder gesunde Ern\u00e4hrung. Dieses Umfrageergebnis erkl\u00e4rt die hohe Handlungs- und Investitionsbereitschaft f\u00fcr das gute Wohnen.<\/p>\n<p>Dass Wohnkomfort und Wohngesundheit mit h\u00f6chsten Anspr\u00fcchen an Energieeffizienz vereinbar sind, hat Velux bereits mit seinen Model Home 2020 Projekten bewiesen. Die sechs Konzepth\u00e4user in f\u00fcnf europ\u00e4ischen L\u00e4ndern gen\u00fcgen bereits heute den voraussichtlichen Energiestandards von 2020 und bieten den Bewohnern gleichzeitig h\u00f6chste Wohnqualit\u00e4t, indem sie die nat\u00fcrlichen Elemente Licht und Luft in den Mittelpunkt stellen. Unter dem Namen RenovActive f\u00fchrt Velux derzeit in Br\u00fcssel ein Projekt im sozialen Wohnungsbau durch, um die finanzielle und technische Skalierbarkeit seiner nachhaltigen und zukunftsf\u00e4higen Sanierungen zu zeigen.<\/p>\n<p>Das deutsche Healthy Homes Barometer 2015 steht unter folgendem Link zum Download bereit: http:\/\/bit.ly\/1jpzzlm<\/p>\n","protected":false},"excerpt":{"rendered":"<div class=\"tmnf_excerpt\"><p>Energiesparen allein ist f\u00fcr einen Gro\u00dfteil der Deutschen kein ausreichender Anreiz zu privaten Investitionen. Nur in Kombination mit Wohnkomfort und Wohnqualit\u00e4t entsteht f\u00fcr Bauherren und Bewohner ein Anreiz, in energieeffiziente H\u00e4user zu investieren. Bei der Erarbeitung der \u201eEnergieeffizienzstrategie Geb\u00e4ude\u201c, die das Bundeskabinett im November beschlie\u00dfen will, m\u00fcssen laut Velux daher neben den Anforderungen an den &hellip;<\/p>\n<\/div>","protected":false},"author":1,"featured_media":0,"comment_status":"closed","ping_status":"closed","sticky":false,"template":"","format":"standard","meta":{"footnotes":""},"categories":[1],"tags":[],"class_list":["post-143826","post","type-post","status-publish","format-standard","hentry","category-startseite"],"_links":{"self":[{"href":"https:\/\/www.fuldaernachrichten.de\/index.php?rest_route=\/wp\/v2\/posts\/143826","targetHints":{"allow":["GET"]}}],"collection":[{"href":"https:\/\/www.fuldaernachrichten.de\/index.php?rest_route=\/wp\/v2\/posts"}],"about":[{"href":"https:\/\/www.fuldaernachrichten.de\/index.php?rest_route=\/wp\/v2\/types\/post"}],"author":[{"embeddable":true,"href":"https:\/\/www.fuldaernachrichten.de\/index.php?rest_route=\/wp\/v2\/users\/1"}],"replies":[{"embeddable":true,"href":"https:\/\/www.fuldaernachrichten.de\/index.php?rest_route=%2Fwp%2Fv2%2Fcomments&post=143826"}],"version-history":[{"count":1,"href":"https:\/\/www.fuldaernachrichten.de\/index.php?rest_route=\/wp\/v2\/posts\/143826\/revisions"}],"predecessor-version":[{"id":143829,"href":"https:\/\/www.fuldaernachrichten.de\/index.php?rest_route=\/wp\/v2\/posts\/143826\/revisions\/143829"}],"wp:attachment":[{"href":"https:\/\/www.fuldaernachrichten.de\/index.php?rest_route=%2Fwp%2Fv2%2Fmedia&parent=143826"}],"wp:term":[{"taxonomy":"category","embeddable":true,"href":"https:\/\/www.fuldaernachrichten.de\/index.php?rest_route=%2Fwp%2Fv2%2Fcategories&post=143826"},{"taxonomy":"post_tag","embeddable":true,"href":"https:\/\/www.fuldaernachrichten.de\/index.php?rest_route=%2Fwp%2Fv2%2Ftags&post=143826"}],"curies":[{"name":"wp","href":"https:\/\/api.w.org\/{rel}","templated":true}]}}