{"id":143811,"date":"2015-09-29T11:09:51","date_gmt":"2015-09-29T09:09:51","guid":{"rendered":"http:\/\/www.fuldaer-nachrichten.de\/?p=143811"},"modified":"2015-09-29T11:09:51","modified_gmt":"2015-09-29T09:09:51","slug":"40jaehriges-bestehen-des-tourismusanbieters-mit-internationalem-publikum-gefeiert","status":"publish","type":"post","link":"https:\/\/www.fuldaernachrichten.de\/?p=143811","title":{"rendered":"40j\u00e4hriges Bestehen des Tourismusanbieters mit internationalem Publikum gefeiert"},"content":{"rendered":"<p><a href=\"http:\/\/www.fuldaer-nachrichten.de\/wp-content\/uploads\/2015\/09\/40_jahre_papillon_gruppenbild.jpg\"><img decoding=\"async\" class=\"alignleft size-thumbnail wp-image-143813\" src=\"http:\/\/www.fuldaer-nachrichten.de\/wp-content\/uploads\/2015\/09\/40_jahre_papillon_gruppenbild-265x177.jpg\" alt=\"40_jahre_papillon_gruppenbild\" width=\"265\" height=\"177\" srcset=\"https:\/\/www.fuldaernachrichten.de\/wp-content\/uploads\/2015\/09\/40_jahre_papillon_gruppenbild-265x177.jpg 265w, https:\/\/www.fuldaernachrichten.de\/wp-content\/uploads\/2015\/09\/40_jahre_papillon_gruppenbild-600x400.jpg 600w, https:\/\/www.fuldaernachrichten.de\/wp-content\/uploads\/2015\/09\/40_jahre_papillon_gruppenbild.jpg 900w\" sizes=\"(max-width: 265px) 100vw, 265px\" \/><\/a>Papillon hatte Grund zum Jubeln. Bereits 1975 waren die ersten H\u00e4ngegleiter unter der Leitung von Uli Kroll und Horst Barthelmes auf der Wasserkuppe abgehoben. 40 Jahre sp\u00e4ter sind die ehemaligen Flugschulen der beiden Pioniere unter dem Dach der Papillon GmbH und CoKG zusammengefasst, die zwischenzeitlich weltweit Flugreisen f\u00fcr Anf\u00e4nger und Fortgeschrittene anbietet. \u201eEin wichtiger Tourismusanbieter der Region\u201c lobte der Landrat und Pr\u00e4sident der Gesellschaft zur F\u00f6rderung des Segelfluges Bernd Woide das Angebot Papillons. 50 der insgesamt rund 90 Mitarbeiter sind direkt auf der Wasserkuppe in der Verwaltung, dem Shop, dem luftfahrttechnischen Betrieb, der Flugschule oder den beiden Hotels Peterchens Mondfahrt und Deutscher Flieger besch\u00e4ftigt.<\/p>\n<p>\u201eDer Zuzug neuer Fachkr\u00e4fte mit deren Familien ist ein sp\u00fcrbarer Faktor im Kampf gegen den demografischen Wandel\u201c w\u00fcrdigte Poppenhausens B\u00fcrgermeister Manfred Helfrich, der den ersten Eintrag der internationalen Drachenflugschule Papillon im Jahre 1976 fand. \u201eVom Bild der Wasserkuppe nicht mehr wegzudenken\u201c \u00e4u\u00dferte sich auch Magistratsmitglied Martin Gutermuth aus Gersfeld. Flugschulleiter Harald J\u00f6rges fasste zusammen, dass \u201edie Tradition und Leidenschaft zum Fliegen\u201c Drachen, Segel- und Gleitschirmpiloten auf der Wasserkuppe miteinander verbinde und lobte die gute Gemeinschaft auf dem Berg der Flieger. Die beiden Gesellschafter und Gesch\u00e4ftsf\u00fchrer Andreas Schubert und Boris Kiauka hielten wegen der vielen internationalen G\u00e4ste ihre Reden gleich zweisprachig und dankten insbesondere ihren Mitarbeiterinnen und Mitarbeitern und den Vertretern des Segelfluges f\u00fcr die gute Entwicklung der vergangenen Jahre.<\/p>\n<p>Das bislang gr\u00f6\u00dfte Projekt in der Geschichte der Rh\u00f6ner- Schmetterlinge soll 2016 mit einem H\u00fcttendorf auf der Wasserkuppe umgesetzt werden.<\/p>\n<p>Infos zu Papillon:<\/p>\n<p>1975 Uli Kroll gr\u00fcndet das internationale Drachenflugzentrum Papillon in 6400 Fulda<br \/>\n1987 Horst Barthelmes beginnt mit der Paraglidingausbildung im Flugcenter Wasserkuppe<br \/>\n1994 Andreas Schubert wird Leiter der Gleitschirmflugschule<br \/>\n2000 Beide Schulen kommen unter einem Dach als Rh\u00f6ner- Drachen- und Gleitschirmschulen Wasserkuppe GmbH zusammen<br \/>\n2009 Boris Kiauka und Andreas Schubert l\u00f6sen Gr\u00fcnder Uli Kroll ab. Es entsteht die Papillon GmbH &amp; CoKG<br \/>\nDas Unternehmen bietet seither Flugkurse im Sauerland, Ruhpolding, Stubaital, S\u00fcdtirol und in ausgew\u00e4hlten Fluggebieten weltweit an.<br \/>\nMitarbeiter: 50 auf der Wasserkuppe, 90 insgesamt.<\/p>\n","protected":false},"excerpt":{"rendered":"<div class=\"tmnf_excerpt\"><p>Papillon hatte Grund zum Jubeln. Bereits 1975 waren die ersten H\u00e4ngegleiter unter der Leitung von Uli Kroll und Horst Barthelmes auf der Wasserkuppe abgehoben. 40 Jahre sp\u00e4ter sind die ehemaligen Flugschulen der beiden Pioniere unter dem Dach der Papillon GmbH und CoKG zusammengefasst, die zwischenzeitlich weltweit Flugreisen f\u00fcr Anf\u00e4nger und Fortgeschrittene anbietet. \u201eEin wichtiger Tourismusanbieter &hellip;<\/p>\n<\/div>","protected":false},"author":1,"featured_media":143812,"comment_status":"closed","ping_status":"closed","sticky":false,"template":"","format":"standard","meta":{"footnotes":""},"categories":[1],"tags":[],"class_list":["post-143811","post","type-post","status-publish","format-standard","has-post-thumbnail","hentry","category-startseite"],"_links":{"self":[{"href":"https:\/\/www.fuldaernachrichten.de\/index.php?rest_route=\/wp\/v2\/posts\/143811","targetHints":{"allow":["GET"]}}],"collection":[{"href":"https:\/\/www.fuldaernachrichten.de\/index.php?rest_route=\/wp\/v2\/posts"}],"about":[{"href":"https:\/\/www.fuldaernachrichten.de\/index.php?rest_route=\/wp\/v2\/types\/post"}],"author":[{"embeddable":true,"href":"https:\/\/www.fuldaernachrichten.de\/index.php?rest_route=\/wp\/v2\/users\/1"}],"replies":[{"embeddable":true,"href":"https:\/\/www.fuldaernachrichten.de\/index.php?rest_route=%2Fwp%2Fv2%2Fcomments&post=143811"}],"version-history":[{"count":1,"href":"https:\/\/www.fuldaernachrichten.de\/index.php?rest_route=\/wp\/v2\/posts\/143811\/revisions"}],"predecessor-version":[{"id":143814,"href":"https:\/\/www.fuldaernachrichten.de\/index.php?rest_route=\/wp\/v2\/posts\/143811\/revisions\/143814"}],"wp:featuredmedia":[{"embeddable":true,"href":"https:\/\/www.fuldaernachrichten.de\/index.php?rest_route=\/wp\/v2\/media\/143812"}],"wp:attachment":[{"href":"https:\/\/www.fuldaernachrichten.de\/index.php?rest_route=%2Fwp%2Fv2%2Fmedia&parent=143811"}],"wp:term":[{"taxonomy":"category","embeddable":true,"href":"https:\/\/www.fuldaernachrichten.de\/index.php?rest_route=%2Fwp%2Fv2%2Fcategories&post=143811"},{"taxonomy":"post_tag","embeddable":true,"href":"https:\/\/www.fuldaernachrichten.de\/index.php?rest_route=%2Fwp%2Fv2%2Ftags&post=143811"}],"curies":[{"name":"wp","href":"https:\/\/api.w.org\/{rel}","templated":true}]}}