{"id":143781,"date":"2015-09-28T14:48:00","date_gmt":"2015-09-28T12:48:00","guid":{"rendered":"http:\/\/www.fuldaer-nachrichten.de\/?p=143781"},"modified":"2015-09-28T14:48:00","modified_gmt":"2015-09-28T12:48:00","slug":"getrennt-vereint-sondersendetag-zu-25-jahre-deutsche-einheit","status":"publish","type":"post","link":"https:\/\/www.fuldaernachrichten.de\/?p=143781","title":{"rendered":"Getrennt \u2013  vereint &#8211; Sondersendetag zu 25 Jahre Deutsche Einheit"},"content":{"rendered":"<p>Zum ersten Mal in ihrer 30-j\u00e4hrigen Geschichte haben sich die B\u00fcrgerfernsehsender Deutschlands zu einem bundesweiten Sondersendetag zusammengetan. Initiiert von Hessen wurden auf einem zentralen Server in den letzten Wochen alle Beitr\u00e4ge gesammelt, die in den Offenen Kan\u00e4len und B\u00fcrgerrundfunkstationen zum Thema Mauerfall und Wiedervereinigung entstanden sind.<\/p>\n<p>Die Produzentinnen und Produzenten aus den Verbreitungsgebieten der Sender haben die Ereignisse aus ihrer Sicht beleuchtet, und so stehen jetzt 75 verschiedene Filme mit einer Gesamtlaufzeit von 28 Stunden f\u00fcr den 3. Oktober zur Verf\u00fcgung.<\/p>\n<p>Aus diesem gro\u00dfen Schatz alter und neuer Dokumentationen, Zeitzeugeninterviews, Diskussionsrunden, pers\u00f6nlichen Erfahrungsberichten und auch Spielhandlungen kann sich jeder Sender f\u00fcr seinen eigenen Sondersendetag bedienen.<\/p>\n<p>Die Zuschauer sind eingeladen, am 3. Oktober noch einmal zur\u00fcckzuschauen und zu verfolgen, mit welchen Blicken Mitb\u00fcrgerinnen und Mitb\u00fcrger die Zeit vor, um und nach 1989 filmisch bewahrt haben.<\/p>\n<p>Der Offene Kanal Fulda verbreitet das Sonderprogramm am Samstag von 8 Uhr bis 22 Uhr.<\/p>\n","protected":false},"excerpt":{"rendered":"<div class=\"tmnf_excerpt\"><p>Zum ersten Mal in ihrer 30-j\u00e4hrigen Geschichte haben sich die B\u00fcrgerfernsehsender Deutschlands zu einem bundesweiten Sondersendetag zusammengetan. Initiiert von Hessen wurden auf einem zentralen Server in den letzten Wochen alle Beitr\u00e4ge gesammelt, die in den Offenen Kan\u00e4len und B\u00fcrgerrundfunkstationen zum Thema Mauerfall und Wiedervereinigung entstanden sind. Die Produzentinnen und Produzenten aus den Verbreitungsgebieten der Sender &hellip;<\/p>\n<\/div>","protected":false},"author":1,"featured_media":143782,"comment_status":"closed","ping_status":"closed","sticky":false,"template":"","format":"standard","meta":{"footnotes":""},"categories":[1],"tags":[],"class_list":["post-143781","post","type-post","status-publish","format-standard","has-post-thumbnail","hentry","category-startseite"],"_links":{"self":[{"href":"https:\/\/www.fuldaernachrichten.de\/index.php?rest_route=\/wp\/v2\/posts\/143781","targetHints":{"allow":["GET"]}}],"collection":[{"href":"https:\/\/www.fuldaernachrichten.de\/index.php?rest_route=\/wp\/v2\/posts"}],"about":[{"href":"https:\/\/www.fuldaernachrichten.de\/index.php?rest_route=\/wp\/v2\/types\/post"}],"author":[{"embeddable":true,"href":"https:\/\/www.fuldaernachrichten.de\/index.php?rest_route=\/wp\/v2\/users\/1"}],"replies":[{"embeddable":true,"href":"https:\/\/www.fuldaernachrichten.de\/index.php?rest_route=%2Fwp%2Fv2%2Fcomments&post=143781"}],"version-history":[{"count":1,"href":"https:\/\/www.fuldaernachrichten.de\/index.php?rest_route=\/wp\/v2\/posts\/143781\/revisions"}],"predecessor-version":[{"id":143783,"href":"https:\/\/www.fuldaernachrichten.de\/index.php?rest_route=\/wp\/v2\/posts\/143781\/revisions\/143783"}],"wp:featuredmedia":[{"embeddable":true,"href":"https:\/\/www.fuldaernachrichten.de\/index.php?rest_route=\/wp\/v2\/media\/143782"}],"wp:attachment":[{"href":"https:\/\/www.fuldaernachrichten.de\/index.php?rest_route=%2Fwp%2Fv2%2Fmedia&parent=143781"}],"wp:term":[{"taxonomy":"category","embeddable":true,"href":"https:\/\/www.fuldaernachrichten.de\/index.php?rest_route=%2Fwp%2Fv2%2Fcategories&post=143781"},{"taxonomy":"post_tag","embeddable":true,"href":"https:\/\/www.fuldaernachrichten.de\/index.php?rest_route=%2Fwp%2Fv2%2Ftags&post=143781"}],"curies":[{"name":"wp","href":"https:\/\/api.w.org\/{rel}","templated":true}]}}