{"id":143666,"date":"2015-09-25T08:07:46","date_gmt":"2015-09-25T06:07:46","guid":{"rendered":"http:\/\/www.fuldaer-nachrichten.de\/?p=143666"},"modified":"2015-09-25T08:07:46","modified_gmt":"2015-09-25T06:07:46","slug":"internationaler-paragliding-worldcup-weltelite-am-wochenende-auf-der-wasserkuppe","status":"publish","type":"post","link":"https:\/\/www.fuldaernachrichten.de\/?p=143666","title":{"rendered":"Internationaler Paragliding Worldcup &#8211; Weltelite am Wochenende auf der Wasserkuppe"},"content":{"rendered":"<p>Gleich zwei besondere Events stehen am Wochenende auf der Wasserkuppe auf dem Programm: Die gesamte Paragliding-Weltelite ist vom 25. und 26. September zu Gast auf Hessens h\u00f6chstem Berg. F\u00fcr Zuschauer sind die Mittagsstunden des Samstags besonders empfehlenswert. Ab 16 Uhr startet das Finale des Worldcups. Um 19.30 Uhr finden die Siegerehrungen des Worldcups und der Deutschen Meisterschaft statt. Die Deutsche Hoffnung ist der amtierende Deutsche Meister und Fluglehrer Andreas Schubert aus Poppenhausen\/Osthessen. Die Teams aus Slowenien, Indonesien, China und England geh\u00f6ren zu den weltbesten Paraglidingnationen. Die Flugschule Papillon feiert au\u00dferdem 40-j\u00e4hriges Betriebsjubil\u00e4um und l\u00e4dt am Samstag, 26. September, um 17 Uhr zu einem Vortrag \u00fcber die H\u00f6hepunkte des \u00f6sterreichischen Extremsportlers und mehrfachen Weltrekordinhabers Mike K\u00fcng in das Flugcenter auf die Wasserkuppe ein. Spanferkel, Grillspezialit\u00e4ten und Getr\u00e4nkeausschank gibt es ganzt\u00e4gig direkt vor dem Radom auf der Wasserkuppe. Am Abend sorgt DJ Sonic f\u00fcr Unterhaltung. Der Eintritt ist zu allen Veranstaltungen frei.<\/p>\n","protected":false},"excerpt":{"rendered":"<div class=\"tmnf_excerpt\"><p>Gleich zwei besondere Events stehen am Wochenende auf der Wasserkuppe auf dem Programm: Die gesamte Paragliding-Weltelite ist vom 25. und 26. September zu Gast auf Hessens h\u00f6chstem Berg. F\u00fcr Zuschauer sind die Mittagsstunden des Samstags besonders empfehlenswert. Ab 16 Uhr startet das Finale des Worldcups. Um 19.30 Uhr finden die Siegerehrungen des Worldcups und der &hellip;<\/p>\n<\/div>","protected":false},"author":1,"featured_media":143667,"comment_status":"closed","ping_status":"closed","sticky":false,"template":"","format":"standard","meta":{"footnotes":""},"categories":[46],"tags":[],"class_list":["post-143666","post","type-post","status-publish","format-standard","has-post-thumbnail","hentry","category-sport"],"_links":{"self":[{"href":"https:\/\/www.fuldaernachrichten.de\/index.php?rest_route=\/wp\/v2\/posts\/143666","targetHints":{"allow":["GET"]}}],"collection":[{"href":"https:\/\/www.fuldaernachrichten.de\/index.php?rest_route=\/wp\/v2\/posts"}],"about":[{"href":"https:\/\/www.fuldaernachrichten.de\/index.php?rest_route=\/wp\/v2\/types\/post"}],"author":[{"embeddable":true,"href":"https:\/\/www.fuldaernachrichten.de\/index.php?rest_route=\/wp\/v2\/users\/1"}],"replies":[{"embeddable":true,"href":"https:\/\/www.fuldaernachrichten.de\/index.php?rest_route=%2Fwp%2Fv2%2Fcomments&post=143666"}],"version-history":[{"count":1,"href":"https:\/\/www.fuldaernachrichten.de\/index.php?rest_route=\/wp\/v2\/posts\/143666\/revisions"}],"predecessor-version":[{"id":143668,"href":"https:\/\/www.fuldaernachrichten.de\/index.php?rest_route=\/wp\/v2\/posts\/143666\/revisions\/143668"}],"wp:featuredmedia":[{"embeddable":true,"href":"https:\/\/www.fuldaernachrichten.de\/index.php?rest_route=\/wp\/v2\/media\/143667"}],"wp:attachment":[{"href":"https:\/\/www.fuldaernachrichten.de\/index.php?rest_route=%2Fwp%2Fv2%2Fmedia&parent=143666"}],"wp:term":[{"taxonomy":"category","embeddable":true,"href":"https:\/\/www.fuldaernachrichten.de\/index.php?rest_route=%2Fwp%2Fv2%2Fcategories&post=143666"},{"taxonomy":"post_tag","embeddable":true,"href":"https:\/\/www.fuldaernachrichten.de\/index.php?rest_route=%2Fwp%2Fv2%2Ftags&post=143666"}],"curies":[{"name":"wp","href":"https:\/\/api.w.org\/{rel}","templated":true}]}}