{"id":143624,"date":"2015-09-24T10:14:57","date_gmt":"2015-09-24T08:14:57","guid":{"rendered":"http:\/\/www.fuldaer-nachrichten.de\/?p=143624"},"modified":"2015-09-24T10:14:57","modified_gmt":"2015-09-24T08:14:57","slug":"nachqualifizierungsberatung-%e2%80%a8fuer-berufstaetige-ohne-berufsabschluss","status":"publish","type":"post","link":"https:\/\/www.fuldaernachrichten.de\/?p=143624","title":{"rendered":"Nachqualifizierungsberatung \u00e2\u20ac\u00a8f\u00fcr Berufst\u00e4tige ohne Berufsabschluss"},"content":{"rendered":"<p>Experten der Initiative ProAbschluss des Bildungszentrums Kassel stehen am Mittwoch, 7. Oktober, von 8.30 bis 14.30 Uhr in der Arbeitsagentur Fulda (Rangstr. 4) f\u00fcr Beratungsgespr\u00e4che zur Verf\u00fcgung. Die Nachqualifizierungsberatung f\u00fcr Berufst\u00e4tige ohne Berufsabschluss findet statt in Zimmer 1.169 statt. N\u00e4here Informationen sind erh\u00e4ltlich unter der kostenfreien Service-Rufnummer 0800 4 5555 00.<\/p>\n","protected":false},"excerpt":{"rendered":"<div class=\"tmnf_excerpt\"><p>Experten der Initiative ProAbschluss des Bildungszentrums Kassel stehen am Mittwoch, 7. Oktober, von 8.30 bis 14.30 Uhr in der Arbeitsagentur Fulda (Rangstr. 4) f\u00fcr Beratungsgespr\u00e4che zur Verf\u00fcgung. Die Nachqualifizierungsberatung f\u00fcr Berufst\u00e4tige ohne Berufsabschluss findet statt in Zimmer 1.169 statt. N\u00e4here Informationen sind erh\u00e4ltlich unter der kostenfreien Service-Rufnummer 0800 4 5555 00.<\/p>\n<\/div>","protected":false},"author":1,"featured_media":0,"comment_status":"closed","ping_status":"closed","sticky":false,"template":"","format":"standard","meta":{"footnotes":""},"categories":[53],"tags":[],"class_list":["post-143624","post","type-post","status-publish","format-standard","hentry","category-bildung"],"_links":{"self":[{"href":"https:\/\/www.fuldaernachrichten.de\/index.php?rest_route=\/wp\/v2\/posts\/143624","targetHints":{"allow":["GET"]}}],"collection":[{"href":"https:\/\/www.fuldaernachrichten.de\/index.php?rest_route=\/wp\/v2\/posts"}],"about":[{"href":"https:\/\/www.fuldaernachrichten.de\/index.php?rest_route=\/wp\/v2\/types\/post"}],"author":[{"embeddable":true,"href":"https:\/\/www.fuldaernachrichten.de\/index.php?rest_route=\/wp\/v2\/users\/1"}],"replies":[{"embeddable":true,"href":"https:\/\/www.fuldaernachrichten.de\/index.php?rest_route=%2Fwp%2Fv2%2Fcomments&post=143624"}],"version-history":[{"count":1,"href":"https:\/\/www.fuldaernachrichten.de\/index.php?rest_route=\/wp\/v2\/posts\/143624\/revisions"}],"predecessor-version":[{"id":143636,"href":"https:\/\/www.fuldaernachrichten.de\/index.php?rest_route=\/wp\/v2\/posts\/143624\/revisions\/143636"}],"wp:attachment":[{"href":"https:\/\/www.fuldaernachrichten.de\/index.php?rest_route=%2Fwp%2Fv2%2Fmedia&parent=143624"}],"wp:term":[{"taxonomy":"category","embeddable":true,"href":"https:\/\/www.fuldaernachrichten.de\/index.php?rest_route=%2Fwp%2Fv2%2Fcategories&post=143624"},{"taxonomy":"post_tag","embeddable":true,"href":"https:\/\/www.fuldaernachrichten.de\/index.php?rest_route=%2Fwp%2Fv2%2Ftags&post=143624"}],"curies":[{"name":"wp","href":"https:\/\/api.w.org\/{rel}","templated":true}]}}