{"id":143614,"date":"2015-09-24T09:34:00","date_gmt":"2015-09-24T07:34:00","guid":{"rendered":"http:\/\/www.fuldaer-nachrichten.de\/?p=143614"},"modified":"2015-09-24T09:34:21","modified_gmt":"2015-09-24T07:34:21","slug":"informationsveranstaltung-des-fachbereiches-fahrzeugtechnik","status":"publish","type":"post","link":"https:\/\/www.fuldaernachrichten.de\/?p=143614","title":{"rendered":"Informationsveranstaltung des Fachbereiches Fahrzeugtechnik"},"content":{"rendered":"<p>Zu einem \u201eMeister-Abend\u201c l\u00e4dt das Team des Fachbereichs Fahrzeugtechnik am kommenden Mittwoch, 30. September um 18:00 Uhr in das BBZ Mitte, Goerdelerstra\u00dfe 139, Petersberg, Raum HU21 ein. Interessierte erhalten bei dieser Veranstaltung von Fachbereichsleiter Alexander Kress vielf\u00e4ltige Informationen rund um den Inhalt und den Ablauf der Ausbildung zum Kfz-Techniker-Meister, die aus den Modulen Fachpraxis, Fachtheorie, Wirtschaft und Recht sowie der Ausbildung der Ausbilder besteht. Der Part \u201eWirtschaft und Recht\u201c wird in Kooperation mit der Kreishandwerkerschaft Fulda umgesetzt. Daher ist auch der stellvertretende Gesch\u00e4ftsf\u00fchrer\u00c2\u00a0 Dietmar Weidenb\u00f6rner mit von der Partie, um \u00fcber diesen Themenkomplex zu informieren. \u00e2\u20ac\u00a8Anmeldungen zu dieser Veranstaltung nimmt Andrea Christov per E-Mail unter Andrea.Christov@bbz-mitte.de entgegen.<\/p>\n","protected":false},"excerpt":{"rendered":"<div class=\"tmnf_excerpt\"><p>Zu einem \u201eMeister-Abend\u201c l\u00e4dt das Team des Fachbereichs Fahrzeugtechnik am kommenden Mittwoch, 30. September um 18:00 Uhr in das BBZ Mitte, Goerdelerstra\u00dfe 139, Petersberg, Raum HU21 ein. Interessierte erhalten bei dieser Veranstaltung von Fachbereichsleiter Alexander Kress vielf\u00e4ltige Informationen rund um den Inhalt und den Ablauf der Ausbildung zum Kfz-Techniker-Meister, die aus den Modulen Fachpraxis, Fachtheorie, &hellip;<\/p>\n<\/div>","protected":false},"author":1,"featured_media":0,"comment_status":"closed","ping_status":"closed","sticky":false,"template":"","format":"standard","meta":{"footnotes":""},"categories":[1,35,53],"tags":[],"class_list":["post-143614","post","type-post","status-publish","format-standard","hentry","category-startseite","category-auto","category-bildung"],"_links":{"self":[{"href":"https:\/\/www.fuldaernachrichten.de\/index.php?rest_route=\/wp\/v2\/posts\/143614","targetHints":{"allow":["GET"]}}],"collection":[{"href":"https:\/\/www.fuldaernachrichten.de\/index.php?rest_route=\/wp\/v2\/posts"}],"about":[{"href":"https:\/\/www.fuldaernachrichten.de\/index.php?rest_route=\/wp\/v2\/types\/post"}],"author":[{"embeddable":true,"href":"https:\/\/www.fuldaernachrichten.de\/index.php?rest_route=\/wp\/v2\/users\/1"}],"replies":[{"embeddable":true,"href":"https:\/\/www.fuldaernachrichten.de\/index.php?rest_route=%2Fwp%2Fv2%2Fcomments&post=143614"}],"version-history":[{"count":1,"href":"https:\/\/www.fuldaernachrichten.de\/index.php?rest_route=\/wp\/v2\/posts\/143614\/revisions"}],"predecessor-version":[{"id":143619,"href":"https:\/\/www.fuldaernachrichten.de\/index.php?rest_route=\/wp\/v2\/posts\/143614\/revisions\/143619"}],"wp:attachment":[{"href":"https:\/\/www.fuldaernachrichten.de\/index.php?rest_route=%2Fwp%2Fv2%2Fmedia&parent=143614"}],"wp:term":[{"taxonomy":"category","embeddable":true,"href":"https:\/\/www.fuldaernachrichten.de\/index.php?rest_route=%2Fwp%2Fv2%2Fcategories&post=143614"},{"taxonomy":"post_tag","embeddable":true,"href":"https:\/\/www.fuldaernachrichten.de\/index.php?rest_route=%2Fwp%2Fv2%2Ftags&post=143614"}],"curies":[{"name":"wp","href":"https:\/\/api.w.org\/{rel}","templated":true}]}}