{"id":143568,"date":"2015-09-23T10:51:52","date_gmt":"2015-09-23T08:51:52","guid":{"rendered":"http:\/\/www.fuldaer-nachrichten.de\/?p=143568"},"modified":"2015-09-23T10:51:52","modified_gmt":"2015-09-23T08:51:52","slug":"die-furchtlosen-vampirkiller-oder-sorry-aber-ihre-zaehne-stecken-in-meinem-hals","status":"publish","type":"post","link":"https:\/\/www.fuldaernachrichten.de\/?p=143568","title":{"rendered":"Die furchtlosen Vampirkiller oder: \u201eSorry, aber Ihre Z\u00e4hne stecken in meinem Hals!\u201c"},"content":{"rendered":"<p>Am 2. Oktober 2015, 20.00 Uhr, spielt das Theater con Cuore im VHS-Forum, Kanzlerpalais, Unterm Hl. Kreuz 1, Fulda, das Puppentheaterst\u00fcck f\u00fcr Erwachsene \u201eDie furchtlosen Vampirkiller\u201c oder \u201eSorry, aber Ihre Z\u00e4hne stecken in meinem Hals!\u201c.<\/p>\n<p>Inhalt:<br \/>\nAuf der Suche nach Beweisen f\u00fcr die Existenz lebend Toter zieht es Professor Abronsius und seinen Assistenten Alfred in die verschneiten Karpaten zum Gasthof von Jeuni Schagal.<\/p>\n<p>Sehr schnell finden sich Anzeichen, die die Theorien des Professors best\u00e4tigen, doch will anscheinend niemand in der Sch\u00e4nke auf die Fragen des Professors eingehen.<br \/>\nSchagals Tochter Sarah verdreht mitunter und v\u00f6llig unabsichtlich Alfred mit ihrem st\u00e4ndigen Drang zu \u201espielen\u201c den Kopf. Alles scheint in einer Sackgasse zu enden\u00e2\u20ac\u00a6 Scheint! Denn der Auftritt des ber\u00fcchtigten Graf Krolok l\u00e4sst nicht lange auf sich warten.<\/p>\n<p>Hintergrund:<br \/>\nErleben Sie die Geschichte von Roman Polanskis \u201eTanz der Vampire\u201c als einzigartige Umsetzung f\u00fcr das Figurentheater. Die offene Spielweise mit direkt gef\u00fchrten Figuren l\u00e4sst Darsteller und Figuren als Ensemble agieren. Die von Roman Polanski eingesetzten Elemente wie Slapstick, gewollte Ungeschicklichkeit, \u00dcberzeichnung und burleske Situationen lassen durch die Aufteilung der Rollen (Mensch\/Figur) zudem szenische Konstellationen entstehen, die den humoristischen Stil bedienen.<\/p>\n<p>Karten gibt es im Vorverkauf (8,00 \u00e2\u201a\u00ac, erm. 6,00 \u00e2\u201a\u00ac) an der Gesch\u00e4ftsstelle der Fuldaer Zeitung und an der Abendkasse (10,00\u00e2\u201a\u00ac, erm. 8,00\u00e2\u201a\u00ac).<\/p>\n","protected":false},"excerpt":{"rendered":"<div class=\"tmnf_excerpt\"><p>Am 2. Oktober 2015, 20.00 Uhr, spielt das Theater con Cuore im VHS-Forum, Kanzlerpalais, Unterm Hl. Kreuz 1, Fulda, das Puppentheaterst\u00fcck f\u00fcr Erwachsene \u201eDie furchtlosen Vampirkiller\u201c oder \u201eSorry, aber Ihre Z\u00e4hne stecken in meinem Hals!\u201c. Inhalt: Auf der Suche nach Beweisen f\u00fcr die Existenz lebend Toter zieht es Professor Abronsius und seinen Assistenten Alfred in &hellip;<\/p>\n<\/div>","protected":false},"author":1,"featured_media":143571,"comment_status":"closed","ping_status":"closed","sticky":false,"template":"","format":"standard","meta":{"footnotes":""},"categories":[1],"tags":[],"class_list":["post-143568","post","type-post","status-publish","format-standard","has-post-thumbnail","hentry","category-startseite"],"_links":{"self":[{"href":"https:\/\/www.fuldaernachrichten.de\/index.php?rest_route=\/wp\/v2\/posts\/143568","targetHints":{"allow":["GET"]}}],"collection":[{"href":"https:\/\/www.fuldaernachrichten.de\/index.php?rest_route=\/wp\/v2\/posts"}],"about":[{"href":"https:\/\/www.fuldaernachrichten.de\/index.php?rest_route=\/wp\/v2\/types\/post"}],"author":[{"embeddable":true,"href":"https:\/\/www.fuldaernachrichten.de\/index.php?rest_route=\/wp\/v2\/users\/1"}],"replies":[{"embeddable":true,"href":"https:\/\/www.fuldaernachrichten.de\/index.php?rest_route=%2Fwp%2Fv2%2Fcomments&post=143568"}],"version-history":[{"count":1,"href":"https:\/\/www.fuldaernachrichten.de\/index.php?rest_route=\/wp\/v2\/posts\/143568\/revisions"}],"predecessor-version":[{"id":143577,"href":"https:\/\/www.fuldaernachrichten.de\/index.php?rest_route=\/wp\/v2\/posts\/143568\/revisions\/143577"}],"wp:featuredmedia":[{"embeddable":true,"href":"https:\/\/www.fuldaernachrichten.de\/index.php?rest_route=\/wp\/v2\/media\/143571"}],"wp:attachment":[{"href":"https:\/\/www.fuldaernachrichten.de\/index.php?rest_route=%2Fwp%2Fv2%2Fmedia&parent=143568"}],"wp:term":[{"taxonomy":"category","embeddable":true,"href":"https:\/\/www.fuldaernachrichten.de\/index.php?rest_route=%2Fwp%2Fv2%2Fcategories&post=143568"},{"taxonomy":"post_tag","embeddable":true,"href":"https:\/\/www.fuldaernachrichten.de\/index.php?rest_route=%2Fwp%2Fv2%2Ftags&post=143568"}],"curies":[{"name":"wp","href":"https:\/\/api.w.org\/{rel}","templated":true}]}}