{"id":143507,"date":"2015-09-22T11:11:55","date_gmt":"2015-09-22T09:11:55","guid":{"rendered":"http:\/\/www.fuldaer-nachrichten.de\/?p=143507"},"modified":"2015-09-22T11:11:55","modified_gmt":"2015-09-22T09:11:55","slug":"holger-nikelis-kehrt-nach-langer-verletzungspause-ins-wettkampfgeschehen-zuru%cc%88ck","status":"publish","type":"post","link":"https:\/\/www.fuldaernachrichten.de\/?p=143507","title":{"rendered":"Holger Nikelis kehrt nach langer Verletzungspause ins Wettkampfgeschehen zuru\u00cc\u02c6ck"},"content":{"rendered":"<p><a href=\"http:\/\/www.fuldaer-nachrichten.de\/wp-content\/uploads\/2015\/09\/Nikelis-Paralympics_credit_sport-grenzenlos.jpg\"><img fetchpriority=\"high\" decoding=\"async\" class=\"alignleft size-thumbnail wp-image-143508\" src=\"http:\/\/www.fuldaer-nachrichten.de\/wp-content\/uploads\/2015\/09\/Nikelis-Paralympics_credit_sport-grenzenlos-265x189.jpg\" alt=\"Nikelis-Paralympics_credit_sport-grenzenlos\" width=\"265\" height=\"189\" srcset=\"https:\/\/www.fuldaernachrichten.de\/wp-content\/uploads\/2015\/09\/Nikelis-Paralympics_credit_sport-grenzenlos-265x189.jpg 265w, https:\/\/www.fuldaernachrichten.de\/wp-content\/uploads\/2015\/09\/Nikelis-Paralympics_credit_sport-grenzenlos-600x429.jpg 600w, https:\/\/www.fuldaernachrichten.de\/wp-content\/uploads\/2015\/09\/Nikelis-Paralympics_credit_sport-grenzenlos.jpg 900w\" sizes=\"(max-width: 265px) 100vw, 265px\" \/><\/a>Der zweifache Paralympicssieger im Rollstuhl-Tischtennis, Holger Nikelis, kehrt nach fast achtmonatiger Verletzungspause ins Wettkampfgeschehen zuru\u00cc\u02c6ck: Der Ku\u00cc\u02c6nzeller startet bei den am Donnerstag beginnenden internationalen Czech Open in Ostrava (24.-26. September 2015) im Einzelwettbewerb. \u201eIch freue mich sehr, wieder zum Schl\u00e4ger greifen zu du\u00cc\u02c6rfen und endlich mein gro\u00dfes Ziel, die Paralympics 2016 in Rio de Janeiro in Angriff nehmen zu k\u00f6nnen\u201c, sagt der 37-J\u00e4hrige und erg\u00e4nzt: \u201eMir hat in der Tischtennis freien Zeit wirklich etwas gefehlt.\u201c<\/p>\n<p>Ausgerechnet zu Beginn des so wichtigen, vor-paralympischen Jahres hatte sich Holger Nikelis eine langwierige Verletzung zugezogen: einen durch eine Haarwurzel-Entzu\u00cc\u02c6ndung entstandenen Abzess im Sitzbereich, der im Januar nach Begutachtung in der Notaufnahme operativ entfernt werden musste. Da die im Durchmesser drei Zentimeter gro\u00dfe und eineinhalb Zentimeter tiefe Wunde zun\u00e4chst zuheilen musste, hatte Nikelis im Anschluss an seinen fu\u00cc\u02c6nft\u00e4gigen Krankenhausaufenthalt noch rund acht weitere Wochen im Krankenbett verbringen mu\u00cc\u02c6ssen.<\/p>\n<p><strong>\u201eGru\u00cc\u02c6nes Licht\u201c vom Mannschaftsarzt der Nationalmannschaft<\/strong><br \/>\nAn Sport indes war auch danach noch nicht zu denken. \u201eIch konnte im Rollstuhl nur spezielle Sitzkissen verwenden. Ein erster Versuch, nach Ru\u00cc\u02c6cksprache mit meiner behandelnden \u00c4rztin beim Rheinsberg Cup im M\u00e4rz wieder mit dem Tischtennis spielen zu beginnen, hat sich als Trugschluss erwiesen. Die schnellen Bewegungen haben zu viel Druck und Reibung auf die Wunde erzeugt. So musste ich erneut pausieren, um einen erfolgreichen Heilungsverlauf nicht zu gef\u00e4hrden\u201c, erz\u00e4hlt Nikelis ru\u00cc\u02c6ckblickend.<\/p>\n<p>Erst in der vergangenen Woche dann gab der Teamarzt der Behinderten-Tischtennis-Nationalmannschaft, Dr. Antonius Kass endgu\u00cc\u02c6ltig \u201egru\u00cc\u02c6nes Licht\u201c fu\u00cc\u02c6r das Comeback des zweifachen Weltmeisters. Mit Kass wie auch mit Bundestrainer Volker Ziegler hatte sich Nikelis in den vergangenen Monaten in st\u00e4ndigem Austausch befunden. \u201eDie Verletzung war keine Kleinigkeit. Es hat viel Wundpflege und besondere Aufmerksamkeit gefordert, um den Heilungsprozess voranzutreiben. Die Hautdecke ist jetzt aber soweit geschlossen, dass Holgers K\u00f6rper sportlich wieder belastbar ist\u201c, sagt Dr. Antonius Kass.<\/p>\n<p><strong>Erste Trainingseinheit mit Heimtrainer Michael Mei\u00dfner<\/strong><br \/>\nUnd so begab sich Holger Nikelis noch am Freitag fu\u00cc\u02c6r eine erste lockere Trainingseinheit auf den Weg zu seinem Heimtrainer Michael Mei\u00dfner nach K\u00f6ln. \u201eDafu\u00cc\u02c6r, dass ich beinahe das ganze Jahr nicht gespielt habe, lief es schon recht gut\u201c, sagt Nikelis. Ziel sei es jetzt, u\u00cc\u02c6ber regelm\u00e4\u00dfige Trainingseinheiten wieder einen Rhythmus zu finden. \u201eMan merkt Holger die lange Pause schon an, bei manchen Schl\u00e4gen h\u00e4lt er sich noch deutlich zuru\u00cc\u02c6ck. Das alte Feuer brennt aber immer noch in ihm: Spielfreude und Motivation sind deutlich anzusehen. Jetzt geht es an die langfristige Trainings- und Wettkampfplanung Richtung Rio\u201c, sagt Michael Mei\u00dfner.<\/p>\n<p>In Tschechien will Nikelis zun\u00e4chst erste Wettkampferfahrungen sammeln. Der Start in Ostrava hat jedoch noch einen anderen Hintergrund: Weil Nikelis fast ein Jahr lang kein internationales Turnier gespielt hat, drohen bei Nicht-Teilnahme in Tschechien der Verlust wertvoller Weltranglistenpunkte und sogar die Streichung aus der Weltrangliste. Dort wird der gebu\u00cc\u02c6rtige K\u00f6lner trotz der langen Pause derzeit noch auf Rang zwei gefu\u00cc\u02c6hrt. \u201eUm meine Qualifikation fu\u00cc\u02c6r die Paralympics in Rio de Janeiro nicht zu gef\u00e4hrden, hat mich der Bundestrainer deshalb trotz des Trainingsru\u00cc\u02c6ckstandes fu\u00cc\u02c6r Tschechien nachgemeldet\u201c, erkl\u00e4rt Nikelis.<\/p>\n<p><strong>Weitere Turniere in Belgien und Costa Rica<\/strong><br \/>\nStichtag fu\u00cc\u02c6r die Qualifikation zu den Paralympics 2016 in Rio im Tischtennis-Wettbewerb ist der 1. Januar 2016. Neben den fu\u00cc\u02c6nf kontinentalen Meistern, die fu\u00cc\u02c6r Europa vom 11. bis 18. Oktober im d\u00e4nischen Vejle ermittelt werden, sind die zu diesem Zeitpunkt sechs bestplatzierten Spieler der Weltrangliste jeder Wettkampfklasse fu\u00cc\u02c6r die Paralympics qualifiziert. Daru\u00cc\u02c6ber hinaus erh\u00e4lt ein Spieler eine Wildcard, um das zw\u00f6lfk\u00f6pfige Teilnehmerfeld zu komplettieren.<\/p>\n<p><a href=\"http:\/\/www.fuldaer-nachrichten.de\/wp-content\/uploads\/2015\/09\/Nikelis-5444_credit_sport-grenzenlos.jpg\"><img decoding=\"async\" class=\"alignleft size-thumbnail wp-image-143509\" src=\"http:\/\/www.fuldaer-nachrichten.de\/wp-content\/uploads\/2015\/09\/Nikelis-5444_credit_sport-grenzenlos-265x189.jpg\" alt=\"Nikelis-5444_credit_sport-grenzenlos\" width=\"265\" height=\"189\" srcset=\"https:\/\/www.fuldaernachrichten.de\/wp-content\/uploads\/2015\/09\/Nikelis-5444_credit_sport-grenzenlos-265x189.jpg 265w, https:\/\/www.fuldaernachrichten.de\/wp-content\/uploads\/2015\/09\/Nikelis-5444_credit_sport-grenzenlos-600x428.jpg 600w, https:\/\/www.fuldaernachrichten.de\/wp-content\/uploads\/2015\/09\/Nikelis-5444_credit_sport-grenzenlos.jpg 900w\" sizes=\"(max-width: 265px) 100vw, 265px\" \/><\/a>Da Nikelis\u00e2\u20ac\u2122 Start bei der EM noch fraglich ist, muss er sich u\u00cc\u02c6ber die Weltranglistenplatzierung qualifizieren. Deshalb peilt der Ku\u00cc\u02c6nzeller nach den Czech Open noch Teilnahmen bei internationalen Turnieren in Belgien (November) und Costa Rica (Dezember) an. \u201eIch muss innerhalb dieses Jahres die Teilnahme an einem Turnier au\u00dferhalb Europas vorweisen. Und da bietet sich bis Ende des Jahres nur noch Costa Rica an\u201c, sagt er.<\/p>\n<p>Volles Programm also bis zum Jahreswechsel fu\u00cc\u02c6r den viermaligen Europameister, der in der Vergangenheit stets am Ende des Jahres sein Wettkampf- und Trainingspensum heruntergefahren hatte. \u201eAufgrund der Verletzung und mit dem Ziel, mich fu\u00cc\u02c6r die Paralympics zu qualifizieren, mache ich jetzt halt mal alles anders\u201c, sagt Nikelis lachend.<\/p>\n<p><strong>Optimales Trainingsumfeld in Fulda aufbauen<\/strong><br \/>\nEin erster Schritt sind jetzt erst einmal die Czech Open, zu denen er bereits am Mittwoch anreist. Ambitionen habe er in Ostrava indes keine, betont er. \u201eDas Teilnehmerfeld ist mit Top-Ten-Spielern bestu\u00cc\u02c6ckt, die voll im Training stehen und sich in der Vorbereitung auf die Kontinentalmeisterschaften befinden. Fu\u00cc\u02c6r mich wird es darum gehen, vorsichtig wieder anzufangen, hoffentlich erste kleine Erfolgserlebnisse zu feiern und den Anschluss an die Weltspitze wiederzufinden\u201c, sagt Nikelis.<\/p>\n<p>Danach hei\u00dft es, weiter hart zu trainieren. Unmittelbar nach der Ru\u00cc\u02c6ckkehr aus Tschechien bietet sich fu\u00cc\u02c6r Holger Nikelis bereits die n\u00e4chste Gelegenheit dazu &#8211; beim fu\u00cc\u02c6r ihn ersten Lehrgang in diesem Jahr mit der Nationalmannschaft in Bad Blankenburg (28.9.-4.10.).<\/p>\n<p>In seiner neuen Wahlheimat Ku\u00cc\u02c6nzell ist der Rollstuhl-Tischtennisspieler zudem dabei, sich ein fu\u00cc\u02c6r ihn optimales Trainingsumfeld aufzubauen. Die TTG Magretenhaun-Ku\u00cc\u02c6nzell, die bereits zwei Nachwuchs-Behindertensportler in ihren Spielbetrieb integriert haben, bietet sich dabei als m\u00f6glicher Trainingsort an. Auch gab es bereits Gespr\u00e4che mit dem Tischtennis-Bundesligisten TTC Rh\u00f6nsprudel Fulda-Maberzell u\u00cc\u02c6ber eine Kooperation. \u201eDer Weg bis nach Rio ist nicht mehr weit. Deshalb ist es wichtig, schnellstm\u00f6glich optimale Voraussetzungen zu schaffen, die dafu\u00cc\u02c6r sorgen, dass ich mich bestm\u00f6glich auf die anstehenden Ziele vorbereiten kann\u201c, sagt der Rollstuhl-Tischtennisspieler.<\/p>\n<p>Allm\u00e4hlich nimmt das Projekt \u201eParalympics 2016\u201c also auch fu\u00cc\u02c6r Holger Nikelis konkrete Formen an.<\/p>\n","protected":false},"excerpt":{"rendered":"<div class=\"tmnf_excerpt\"><p>Der zweifache Paralympicssieger im Rollstuhl-Tischtennis, Holger Nikelis, kehrt nach fast achtmonatiger Verletzungspause ins Wettkampfgeschehen zuru\u00cc\u02c6ck: Der Ku\u00cc\u02c6nzeller startet bei den am Donnerstag beginnenden internationalen Czech Open in Ostrava (24.-26. September 2015) im Einzelwettbewerb. \u201eIch freue mich sehr, wieder zum Schl\u00e4ger greifen zu du\u00cc\u02c6rfen und endlich mein gro\u00dfes Ziel, die Paralympics 2016 in Rio de Janeiro &hellip;<\/p>\n<\/div>","protected":false},"author":1,"featured_media":143510,"comment_status":"closed","ping_status":"closed","sticky":false,"template":"","format":"standard","meta":{"footnotes":""},"categories":[46],"tags":[],"class_list":["post-143507","post","type-post","status-publish","format-standard","has-post-thumbnail","hentry","category-sport"],"_links":{"self":[{"href":"https:\/\/www.fuldaernachrichten.de\/index.php?rest_route=\/wp\/v2\/posts\/143507","targetHints":{"allow":["GET"]}}],"collection":[{"href":"https:\/\/www.fuldaernachrichten.de\/index.php?rest_route=\/wp\/v2\/posts"}],"about":[{"href":"https:\/\/www.fuldaernachrichten.de\/index.php?rest_route=\/wp\/v2\/types\/post"}],"author":[{"embeddable":true,"href":"https:\/\/www.fuldaernachrichten.de\/index.php?rest_route=\/wp\/v2\/users\/1"}],"replies":[{"embeddable":true,"href":"https:\/\/www.fuldaernachrichten.de\/index.php?rest_route=%2Fwp%2Fv2%2Fcomments&post=143507"}],"version-history":[{"count":1,"href":"https:\/\/www.fuldaernachrichten.de\/index.php?rest_route=\/wp\/v2\/posts\/143507\/revisions"}],"predecessor-version":[{"id":143511,"href":"https:\/\/www.fuldaernachrichten.de\/index.php?rest_route=\/wp\/v2\/posts\/143507\/revisions\/143511"}],"wp:featuredmedia":[{"embeddable":true,"href":"https:\/\/www.fuldaernachrichten.de\/index.php?rest_route=\/wp\/v2\/media\/143510"}],"wp:attachment":[{"href":"https:\/\/www.fuldaernachrichten.de\/index.php?rest_route=%2Fwp%2Fv2%2Fmedia&parent=143507"}],"wp:term":[{"taxonomy":"category","embeddable":true,"href":"https:\/\/www.fuldaernachrichten.de\/index.php?rest_route=%2Fwp%2Fv2%2Fcategories&post=143507"},{"taxonomy":"post_tag","embeddable":true,"href":"https:\/\/www.fuldaernachrichten.de\/index.php?rest_route=%2Fwp%2Fv2%2Ftags&post=143507"}],"curies":[{"name":"wp","href":"https:\/\/api.w.org\/{rel}","templated":true}]}}