{"id":14348,"date":"2008-10-18T07:34:46","date_gmt":"2008-10-18T06:34:46","guid":{"rendered":"http:\/\/www.schoene-nachrichten.de\/?p=14348"},"modified":"2008-12-15T13:06:56","modified_gmt":"2008-12-15T12:06:56","slug":"max-payne","status":"publish","type":"post","link":"https:\/\/www.fuldaernachrichten.de\/?p=14348","title":{"rendered":"Max Payne"},"content":{"rendered":"<p><strong>Video.<\/strong> In den dunkelsten und gef\u00e4hrlichsten Ecken New Yorks ist ein Aussenseiter unterwegs, ein Cop des Drogendezernats auf der Suche nach den M\u00f6rdern seiner Familie. Auf der Suche nach Rache wird Max Payne (Mark Wahlberg) zum Hauptverd\u00e4chtigen am Mord seines Partner und einer unschuldigen Frau. Um sich selbst zu entlasten, muss er nicht nur das Geheimnis hinter den brutalen Morden herausfinden, er muss sich auch M\u00e4chten zum Kampf stellen, die nicht von dieser Welt zu sein scheinen. Ihm zur Seite steht Mona (Mila Kunis), die ihrerseits den M\u00f6rder ihrer Schwester sucht.<\/p>\n<p>Max\u00e2\u20ac\u2122 Nachforschungen f\u00fchren ihn immer tiefer in eine Welt aus Drogen, Korruption und Verschw\u00f6rung bis er erkennt, dass dieselbe Bedrohung die nun die Stra\u00dfen von New York heimsucht auch f\u00fcr den Tod seiner Familie verantwortlich ist.<\/p>\n","protected":false},"excerpt":{"rendered":"<div class=\"tmnf_excerpt\"><p>Video. In den dunkelsten und gef\u00e4hrlichsten Ecken New Yorks ist ein Aussenseiter unterwegs, ein Cop des Drogendezernats auf der Suche nach den M\u00f6rdern seiner Familie. Auf der Suche nach Rache wird Max Payne (Mark Wahlberg) zum Hauptverd\u00e4chtigen am Mord seines Partner und einer unschuldigen Frau. Um sich selbst zu entlasten, muss er nicht nur das &hellip;<\/p>\n<\/div>","protected":false},"author":1,"featured_media":0,"comment_status":"closed","ping_status":"closed","sticky":false,"template":"","format":"standard","meta":{"footnotes":""},"categories":[1,79],"tags":[],"class_list":["post-14348","post","type-post","status-publish","format-standard","hentry","category-startseite","category-kino"],"_links":{"self":[{"href":"https:\/\/www.fuldaernachrichten.de\/index.php?rest_route=\/wp\/v2\/posts\/14348","targetHints":{"allow":["GET"]}}],"collection":[{"href":"https:\/\/www.fuldaernachrichten.de\/index.php?rest_route=\/wp\/v2\/posts"}],"about":[{"href":"https:\/\/www.fuldaernachrichten.de\/index.php?rest_route=\/wp\/v2\/types\/post"}],"author":[{"embeddable":true,"href":"https:\/\/www.fuldaernachrichten.de\/index.php?rest_route=\/wp\/v2\/users\/1"}],"replies":[{"embeddable":true,"href":"https:\/\/www.fuldaernachrichten.de\/index.php?rest_route=%2Fwp%2Fv2%2Fcomments&post=14348"}],"version-history":[{"count":5,"href":"https:\/\/www.fuldaernachrichten.de\/index.php?rest_route=\/wp\/v2\/posts\/14348\/revisions"}],"predecessor-version":[{"id":17312,"href":"https:\/\/www.fuldaernachrichten.de\/index.php?rest_route=\/wp\/v2\/posts\/14348\/revisions\/17312"}],"wp:attachment":[{"href":"https:\/\/www.fuldaernachrichten.de\/index.php?rest_route=%2Fwp%2Fv2%2Fmedia&parent=14348"}],"wp:term":[{"taxonomy":"category","embeddable":true,"href":"https:\/\/www.fuldaernachrichten.de\/index.php?rest_route=%2Fwp%2Fv2%2Fcategories&post=14348"},{"taxonomy":"post_tag","embeddable":true,"href":"https:\/\/www.fuldaernachrichten.de\/index.php?rest_route=%2Fwp%2Fv2%2Ftags&post=14348"}],"curies":[{"name":"wp","href":"https:\/\/api.w.org\/{rel}","templated":true}]}}