{"id":143452,"date":"2015-09-21T20:48:48","date_gmt":"2015-09-21T18:48:48","guid":{"rendered":"http:\/\/www.fuldaer-nachrichten.de\/?p=143452"},"modified":"2015-09-21T20:48:48","modified_gmt":"2015-09-21T18:48:48","slug":"trotz-schlechten-wetters-mit-guter-laune-beim-ausflug-die-domstadt-erobert","status":"publish","type":"post","link":"https:\/\/www.fuldaernachrichten.de\/?p=143452","title":{"rendered":"Trotz schlechten Wetters mit guter Laune beim Ausflug die Domstadt erobert"},"content":{"rendered":"<p>Das Wetter war alles andere als sch\u00f6n an dem Septembertag, den sich die Ausfl\u00fcgler vom Stadtallendorfer Altenpflegeheim St. Bonifatius mit einer Gruppe von insgesamt 26 Bewohnern, Mitarbeitern und Ehrenamtlichen f\u00fcr ihre Exkursion nach Fulda ausgesucht hatten.<\/p>\n<p>Die gute Laune der Teilnehmer litt deshalb allerdings keineswegs. Per Bus ging es vormittags von Stadtallendorf nach Fulda, wo man zun\u00e4chst ein gemeinsames Mittagessen einnahm. Am Dom trafen die Mittelhessen dann mit ihrer als \u201eGuide\u201c fungierenden Einrichtungsleiterin B\u00e4rbel Schwertmann auf Di\u00f6zesan-Caritasdirektor Dr. Markus Juch und den Ressortleiter Altenhilfe, Achim Eng. Nach Begr\u00fc\u00dfung und Fototermin teilten sich die Stadtallendorfer in kleinere Gruppen auf, die verschiedene Exkursionen mit den Zielen Dom, Dahliengarten und Caritas-Haus unternahmen oder einen Innenstadtbummel machten.<\/p>\n<p>Nach einem abschlie\u00dfenden gemeinsamen Kaffeetrinken in einem Fuldaer Traditionscafe machte sich die Gruppe schlie\u00dflich wieder auf die Heimreise. Nicht vergessen wurden dabei die Bewohner, die nicht an der Fahrt hatten teilnehmen k\u00f6nnen. Ihnen wurde nach der R\u00fcckkehr ein Andenken aus Fulda \u00fcberreicht.<\/p>\n","protected":false},"excerpt":{"rendered":"<div class=\"tmnf_excerpt\"><p>Das Wetter war alles andere als sch\u00f6n an dem Septembertag, den sich die Ausfl\u00fcgler vom Stadtallendorfer Altenpflegeheim St. Bonifatius mit einer Gruppe von insgesamt 26 Bewohnern, Mitarbeitern und Ehrenamtlichen f\u00fcr ihre Exkursion nach Fulda ausgesucht hatten. Die gute Laune der Teilnehmer litt deshalb allerdings keineswegs. Per Bus ging es vormittags von Stadtallendorf nach Fulda, wo &hellip;<\/p>\n<\/div>","protected":false},"author":1,"featured_media":143455,"comment_status":"closed","ping_status":"closed","sticky":false,"template":"","format":"standard","meta":{"footnotes":""},"categories":[50],"tags":[],"class_list":["post-143452","post","type-post","status-publish","format-standard","has-post-thumbnail","hentry","category-kirche"],"_links":{"self":[{"href":"https:\/\/www.fuldaernachrichten.de\/index.php?rest_route=\/wp\/v2\/posts\/143452","targetHints":{"allow":["GET"]}}],"collection":[{"href":"https:\/\/www.fuldaernachrichten.de\/index.php?rest_route=\/wp\/v2\/posts"}],"about":[{"href":"https:\/\/www.fuldaernachrichten.de\/index.php?rest_route=\/wp\/v2\/types\/post"}],"author":[{"embeddable":true,"href":"https:\/\/www.fuldaernachrichten.de\/index.php?rest_route=\/wp\/v2\/users\/1"}],"replies":[{"embeddable":true,"href":"https:\/\/www.fuldaernachrichten.de\/index.php?rest_route=%2Fwp%2Fv2%2Fcomments&post=143452"}],"version-history":[{"count":1,"href":"https:\/\/www.fuldaernachrichten.de\/index.php?rest_route=\/wp\/v2\/posts\/143452\/revisions"}],"predecessor-version":[{"id":143456,"href":"https:\/\/www.fuldaernachrichten.de\/index.php?rest_route=\/wp\/v2\/posts\/143452\/revisions\/143456"}],"wp:featuredmedia":[{"embeddable":true,"href":"https:\/\/www.fuldaernachrichten.de\/index.php?rest_route=\/wp\/v2\/media\/143455"}],"wp:attachment":[{"href":"https:\/\/www.fuldaernachrichten.de\/index.php?rest_route=%2Fwp%2Fv2%2Fmedia&parent=143452"}],"wp:term":[{"taxonomy":"category","embeddable":true,"href":"https:\/\/www.fuldaernachrichten.de\/index.php?rest_route=%2Fwp%2Fv2%2Fcategories&post=143452"},{"taxonomy":"post_tag","embeddable":true,"href":"https:\/\/www.fuldaernachrichten.de\/index.php?rest_route=%2Fwp%2Fv2%2Ftags&post=143452"}],"curies":[{"name":"wp","href":"https:\/\/api.w.org\/{rel}","templated":true}]}}