{"id":143448,"date":"2015-09-21T14:55:23","date_gmt":"2015-09-21T12:55:23","guid":{"rendered":"http:\/\/www.fuldaer-nachrichten.de\/?p=143448"},"modified":"2015-09-21T14:55:23","modified_gmt":"2015-09-21T12:55:23","slug":"gesundheitsversorgung-zukunftssicher-gestalten","status":"publish","type":"post","link":"https:\/\/www.fuldaernachrichten.de\/?p=143448","title":{"rendered":"Gesundheitsversorgung zukunftssicher gestalten"},"content":{"rendered":"<p>Wie soll die gesundheitliche Versorgung in den kommenden Jahren im Vogelsbergkreis aussehen? An wen kann ich mich wenden, wenn mein Angeh\u00f6riger an Demenz leidet? Wie komme ich zum n\u00e4chsten Arzt, wenn ich nicht mehr selbst fahren kann?\u00c2\u00a0 Diese und weitere Fragen stehen im Mittelpunkt der 2. Vogelsberger Gesundheitskonferenz. Landrat Manfred G\u00f6rig l\u00e4dt dazu Fachleute und interessierte B\u00fcrgerinnen und B\u00fcrger f\u00fcr Mittwoch, 23. September, ab 18 Uhr ins\u00c2\u00a0 Wartenberg-Oval in Angersbach ein.<\/p>\n<p>\u201eWir wollen bei unserer Gesundheitskonferenz wichtige Handlungsfelder benennen und gemeinsam mit allen interessierten B\u00fcrgerinnen und B\u00fcrgern \u2013 insbesondere denen, die beruflich oder ehrenamtlich im Gesundheitsbereich t\u00e4tig sind \u2013 nach konkreten L\u00f6sungswegen suchen\u201c, erl\u00e4utert der Landrat in einer Pressemitteilung der Kreisverwaltung.<\/p>\n<p>Die Fachkonferenz soll der Auftakt zu einem breit angelegten Dialog zwischen allen Beteiligten und Verantwortlichen im Gesundheitswesen sein. Es soll darum gehen, nicht nur die Probleme zu benennen, sondern die Spielr\u00e4ume von Kreis und Kommunen auszuloten und nach realistischen L\u00f6sungswegen zu suchen, die vor Ort umzusetzen sind. Einige wichtige Themen wurden schon identifiziert: Die Sicherung der haus- und fach\u00e4rztlichen Versorgung, Leben mit Demenz oder die Problematik der Mobilit\u00e4t \u2013 auch im Hinblick auf die Erreichbarkeit von \u00c4rzten und anderen Gesundheitsdienstleistungen.<\/p>\n<p>Er\u00f6ffnet wird die Konferenz von Dr. Jan Hilligardt, Direktor des Hessischen Landkreistages. Er ist beim HLT unter anderem zust\u00e4ndig f\u00fcr das Ressort Gesundheitspolitik ist. Er wird in einem einf\u00fchrenden Vortrag die Gestaltungsm\u00f6glichkeiten f\u00fcr Landkreise, Kommunen, B\u00fcrgerinnen und B\u00fcrger aufzeigen.<\/p>\n<p>Im Anschluss wird\u00c2\u00a0 Dr. Sigrid Stahl von der Fachstelle Gesundheitliche Versorgung des Vogelsbergkreises einen Blick auf die Initiativen und Projekte werfen, die bereits ins Leben gerufen wurden.\u00c2\u00a0 \u201eDanach soll in Arbeitsgruppen an verschiedenen Themen gearbeitet werden\u201c, erl\u00e4utert sie, \u201em\u00f6glichst konkret und so, dass sich daraus schon erste Handlungsschritte ableiten lassen.\u201c<\/p>\n<p>Die Themen sind: Sicherung der \u00e4rztlichen Versorgung, Gutes Leben mit Demenz im Vogelsbergkreis, Palliativ- und Hospizversorgung, Neue Wege in der Pflege, Mobilit\u00e4t und Gesundheit. Sollten noch weitere Themen relevant sein, wird auch Raum sein, diese zu diskutieren.<\/p>\n","protected":false},"excerpt":{"rendered":"<div class=\"tmnf_excerpt\"><p>Wie soll die gesundheitliche Versorgung in den kommenden Jahren im Vogelsbergkreis aussehen? An wen kann ich mich wenden, wenn mein Angeh\u00f6riger an Demenz leidet? Wie komme ich zum n\u00e4chsten Arzt, wenn ich nicht mehr selbst fahren kann?\u00c2\u00a0 Diese und weitere Fragen stehen im Mittelpunkt der 2. Vogelsberger Gesundheitskonferenz. Landrat Manfred G\u00f6rig l\u00e4dt dazu Fachleute und &hellip;<\/p>\n<\/div>","protected":false},"author":1,"featured_media":0,"comment_status":"closed","ping_status":"closed","sticky":false,"template":"","format":"standard","meta":{"footnotes":""},"categories":[51,29],"tags":[],"class_list":["post-143448","post","type-post","status-publish","format-standard","hentry","category-medizin","category-politik"],"_links":{"self":[{"href":"https:\/\/www.fuldaernachrichten.de\/index.php?rest_route=\/wp\/v2\/posts\/143448","targetHints":{"allow":["GET"]}}],"collection":[{"href":"https:\/\/www.fuldaernachrichten.de\/index.php?rest_route=\/wp\/v2\/posts"}],"about":[{"href":"https:\/\/www.fuldaernachrichten.de\/index.php?rest_route=\/wp\/v2\/types\/post"}],"author":[{"embeddable":true,"href":"https:\/\/www.fuldaernachrichten.de\/index.php?rest_route=\/wp\/v2\/users\/1"}],"replies":[{"embeddable":true,"href":"https:\/\/www.fuldaernachrichten.de\/index.php?rest_route=%2Fwp%2Fv2%2Fcomments&post=143448"}],"version-history":[{"count":1,"href":"https:\/\/www.fuldaernachrichten.de\/index.php?rest_route=\/wp\/v2\/posts\/143448\/revisions"}],"predecessor-version":[{"id":143449,"href":"https:\/\/www.fuldaernachrichten.de\/index.php?rest_route=\/wp\/v2\/posts\/143448\/revisions\/143449"}],"wp:attachment":[{"href":"https:\/\/www.fuldaernachrichten.de\/index.php?rest_route=%2Fwp%2Fv2%2Fmedia&parent=143448"}],"wp:term":[{"taxonomy":"category","embeddable":true,"href":"https:\/\/www.fuldaernachrichten.de\/index.php?rest_route=%2Fwp%2Fv2%2Fcategories&post=143448"},{"taxonomy":"post_tag","embeddable":true,"href":"https:\/\/www.fuldaernachrichten.de\/index.php?rest_route=%2Fwp%2Fv2%2Ftags&post=143448"}],"curies":[{"name":"wp","href":"https:\/\/api.w.org\/{rel}","templated":true}]}}