{"id":143441,"date":"2015-09-21T14:53:58","date_gmt":"2015-09-21T12:53:58","guid":{"rendered":"http:\/\/www.fuldaer-nachrichten.de\/?p=143441"},"modified":"2015-09-21T14:53:58","modified_gmt":"2015-09-21T12:53:58","slug":"sitzkissenkonzert-2015-klassische-musik-fuer-kinder-im-grundschulalter","status":"publish","type":"post","link":"https:\/\/www.fuldaernachrichten.de\/?p=143441","title":{"rendered":"Sitzkissenkonzert 2015 &#8211; Klassische Musik f\u00fcr Kinder im Grundschulalter"},"content":{"rendered":"<p>Das traditionelle Sitzkissenkonzert findet am Sonntag, den 27. September, um 11.30 Uhr in der Aula der Alten Universit\u00e4t statt. Kinder im Grundschulalter sollen in altersgerechter Form an die klassische Musik herangef\u00fchrt werden. Die Handpuppe Luzi, mitgebracht von Alexandra Pesold-Weidemann, wird auf ihre unnachahmliche Art durch ein buntes Programm f\u00fchren, welches von den Domch\u00f6ren unter der Leitung von Franz-Peter Huber, dem Kammerorchester der Jugend unter Martin Kl\u00fch und dem neuen Fagottlehrer der Musikschule Fulda, Seymon Rizopoulos, gestaltet wird. Unterst\u00fctzung werden sie vom Chor der Klasse 2b der Florenberg-Grundschule erfahren. Dabei werden altersgem\u00e4\u00dfe Lieder zum Zuh\u00f6ren und Mitsingen geboten, das Instrument Fagott vorgestellt, sowie das klassische Orchester einmal ganz aus der N\u00e4he gezeigt. Der Eintritt ist frei, nur ihre Sitzkissen sollen die jungen Besucher selbst mitbringen.<\/p>\n","protected":false},"excerpt":{"rendered":"<div class=\"tmnf_excerpt\"><p>Das traditionelle Sitzkissenkonzert findet am Sonntag, den 27. September, um 11.30 Uhr in der Aula der Alten Universit\u00e4t statt. Kinder im Grundschulalter sollen in altersgerechter Form an die klassische Musik herangef\u00fchrt werden. Die Handpuppe Luzi, mitgebracht von Alexandra Pesold-Weidemann, wird auf ihre unnachahmliche Art durch ein buntes Programm f\u00fchren, welches von den Domch\u00f6ren unter der &hellip;<\/p>\n<\/div>","protected":false},"author":1,"featured_media":0,"comment_status":"closed","ping_status":"closed","sticky":false,"template":"","format":"standard","meta":{"footnotes":""},"categories":[1],"tags":[],"class_list":["post-143441","post","type-post","status-publish","format-standard","hentry","category-startseite"],"_links":{"self":[{"href":"https:\/\/www.fuldaernachrichten.de\/index.php?rest_route=\/wp\/v2\/posts\/143441","targetHints":{"allow":["GET"]}}],"collection":[{"href":"https:\/\/www.fuldaernachrichten.de\/index.php?rest_route=\/wp\/v2\/posts"}],"about":[{"href":"https:\/\/www.fuldaernachrichten.de\/index.php?rest_route=\/wp\/v2\/types\/post"}],"author":[{"embeddable":true,"href":"https:\/\/www.fuldaernachrichten.de\/index.php?rest_route=\/wp\/v2\/users\/1"}],"replies":[{"embeddable":true,"href":"https:\/\/www.fuldaernachrichten.de\/index.php?rest_route=%2Fwp%2Fv2%2Fcomments&post=143441"}],"version-history":[{"count":1,"href":"https:\/\/www.fuldaernachrichten.de\/index.php?rest_route=\/wp\/v2\/posts\/143441\/revisions"}],"predecessor-version":[{"id":143444,"href":"https:\/\/www.fuldaernachrichten.de\/index.php?rest_route=\/wp\/v2\/posts\/143441\/revisions\/143444"}],"wp:attachment":[{"href":"https:\/\/www.fuldaernachrichten.de\/index.php?rest_route=%2Fwp%2Fv2%2Fmedia&parent=143441"}],"wp:term":[{"taxonomy":"category","embeddable":true,"href":"https:\/\/www.fuldaernachrichten.de\/index.php?rest_route=%2Fwp%2Fv2%2Fcategories&post=143441"},{"taxonomy":"post_tag","embeddable":true,"href":"https:\/\/www.fuldaernachrichten.de\/index.php?rest_route=%2Fwp%2Fv2%2Ftags&post=143441"}],"curies":[{"name":"wp","href":"https:\/\/api.w.org\/{rel}","templated":true}]}}