{"id":143438,"date":"2015-09-21T14:53:36","date_gmt":"2015-09-21T12:53:36","guid":{"rendered":"http:\/\/www.fuldaer-nachrichten.de\/?p=143438"},"modified":"2015-09-21T14:53:36","modified_gmt":"2015-09-21T12:53:36","slug":"wie-soll-sich-ostend-und-ziehers-sued-entwickeln","status":"publish","type":"post","link":"https:\/\/www.fuldaernachrichten.de\/?p=143438","title":{"rendered":"Wie soll sich Ostend und Ziehers-S\u00fcd entwickeln?"},"content":{"rendered":"<p>Die Stadt Fulda l\u00e4dt mit dem Stadtteilb\u00fcro Am Kleegarten die Bewohnerinnen und Bewohner in den Stadtteilen Ostend und Ziehers-S\u00fcd herzlich zur Teilnahme an einer \u00f6ffentlichen B\u00fcrger-Planungswerkstatt ein.<\/p>\n<p>Am Samstag, den 26. September 2015, k\u00f6nnen alle Interessenten aus dem F\u00f6rdergebiet in der Zeit von 10.00 Uhr bis 16.00 Uhr, in den R\u00e4umen des FSV GERMANIA 09 e.V. am Gallasiniring 20 im Rahmen der B\u00fcrger-Werkstatt ihre Vorstellungen von der zuk\u00fcnftigen Entwicklung des Ostends und von Ziehers-S\u00fcd vortragen und in den Prozess der zuk\u00fcnftigen Stadtentwicklung einbringen.<\/p>\n<p>Es werden verschiedene M\u00f6glichkeiten f\u00fcr die Beteiligung in Arbeitsgruppen angeboten:<\/p>\n<p>&#8211; f\u00fcr Eltern mit Kindern,<br \/>\n&#8211; f\u00fcr Jugendliche,<br \/>\n&#8211; f\u00fcr Erwachsene<br \/>\n&#8211; f\u00fcr Senioren<\/p>\n<p>Die Versorgung mit Speisen und Getr\u00e4nken sowie die Kinderbetreuung erfolgt kostenfrei.<\/p>\n<p>Detailliertere Informationen sind im Stadtteilb\u00fcro Am Kleegarten 12 oder unter der Rufnummer 0661 25 03 07 26 (mit Anrufbeantworter) von Adriana Oliveira oder unter 102-3270 von\u00c2\u00a0 Christoph Schmidt erh\u00e4ltlich. Das B\u00fcro ist per E-Mail unter sozialestadt@fulda.de und das beauftragte Planungsb\u00fcro UmbauStadt, Dipl.-Ing. Martin Fladt, unter der Telefonnummer 069-42 60 26 06, oder E-Mail: fladt@umbaustadt.de erreichbar.<\/p>\n","protected":false},"excerpt":{"rendered":"<div class=\"tmnf_excerpt\"><p>Die Stadt Fulda l\u00e4dt mit dem Stadtteilb\u00fcro Am Kleegarten die Bewohnerinnen und Bewohner in den Stadtteilen Ostend und Ziehers-S\u00fcd herzlich zur Teilnahme an einer \u00f6ffentlichen B\u00fcrger-Planungswerkstatt ein. Am Samstag, den 26. September 2015, k\u00f6nnen alle Interessenten aus dem F\u00f6rdergebiet in der Zeit von 10.00 Uhr bis 16.00 Uhr, in den R\u00e4umen des FSV GERMANIA 09 &hellip;<\/p>\n<\/div>","protected":false},"author":1,"featured_media":0,"comment_status":"closed","ping_status":"closed","sticky":false,"template":"","format":"standard","meta":{"footnotes":""},"categories":[1],"tags":[],"class_list":["post-143438","post","type-post","status-publish","format-standard","hentry","category-startseite"],"_links":{"self":[{"href":"https:\/\/www.fuldaernachrichten.de\/index.php?rest_route=\/wp\/v2\/posts\/143438","targetHints":{"allow":["GET"]}}],"collection":[{"href":"https:\/\/www.fuldaernachrichten.de\/index.php?rest_route=\/wp\/v2\/posts"}],"about":[{"href":"https:\/\/www.fuldaernachrichten.de\/index.php?rest_route=\/wp\/v2\/types\/post"}],"author":[{"embeddable":true,"href":"https:\/\/www.fuldaernachrichten.de\/index.php?rest_route=\/wp\/v2\/users\/1"}],"replies":[{"embeddable":true,"href":"https:\/\/www.fuldaernachrichten.de\/index.php?rest_route=%2Fwp%2Fv2%2Fcomments&post=143438"}],"version-history":[{"count":1,"href":"https:\/\/www.fuldaernachrichten.de\/index.php?rest_route=\/wp\/v2\/posts\/143438\/revisions"}],"predecessor-version":[{"id":143442,"href":"https:\/\/www.fuldaernachrichten.de\/index.php?rest_route=\/wp\/v2\/posts\/143438\/revisions\/143442"}],"wp:attachment":[{"href":"https:\/\/www.fuldaernachrichten.de\/index.php?rest_route=%2Fwp%2Fv2%2Fmedia&parent=143438"}],"wp:term":[{"taxonomy":"category","embeddable":true,"href":"https:\/\/www.fuldaernachrichten.de\/index.php?rest_route=%2Fwp%2Fv2%2Fcategories&post=143438"},{"taxonomy":"post_tag","embeddable":true,"href":"https:\/\/www.fuldaernachrichten.de\/index.php?rest_route=%2Fwp%2Fv2%2Ftags&post=143438"}],"curies":[{"name":"wp","href":"https:\/\/api.w.org\/{rel}","templated":true}]}}