{"id":143431,"date":"2015-09-21T14:53:18","date_gmt":"2015-09-21T12:53:18","guid":{"rendered":"http:\/\/www.fuldaer-nachrichten.de\/?p=143431"},"modified":"2015-09-21T14:53:18","modified_gmt":"2015-09-21T12:53:18","slug":"oekumenischer-gedenkgottesdienst-fuer-die-still-geborenen-kinder","status":"publish","type":"post","link":"https:\/\/www.fuldaernachrichten.de\/?p=143431","title":{"rendered":"\u00d6kumenischer Gedenkgottesdienst f\u00fcr die still geborenen Kinder"},"content":{"rendered":"<p>Wenn das eigene Kind stirbt, bevor die Eltern es kennenlernen d\u00fcrfen, ist dies ein schwerer Schicksalsschlag f\u00fcr Mutter und Vater.<\/p>\n<p>Aus diesem Grund besteht auf Initiative des Institutes f\u00fcr Pathologie und der Frauenklinik am Klinikum Fulda seit August 2001 die M\u00f6glichkeit,\u00c2\u00a0 ungeborene Kinder auf dem Zentralfriedhof der Stadt Fulda in einem hierf\u00fcr besonderen Bereich zu bestatten.<\/p>\n<p>Das Zentrum dieses Abteiles bildet eine Basaltstehle mit der Aufschrift \u201eUnsere Ungeborenen\u201c. Hier sollen die Eltern die M\u00f6glichkeit erhalten, von ihren Kindern Abschied zu nehmen und trauern zu k\u00f6nnen.<\/p>\n<p>Zum Gedenken an die totgeborenen Kinder, wird zweimal j\u00e4hrlich, immer am letzten Freitag des April und des Septembers ein \u00f6kumenischer\u00c2\u00a0 Gottesdienst\u00c2\u00a0 durchgef\u00fchrt. Der n\u00e4chste Gottesdienst findet am Freitag, 25. September 2015, um 16.30 Uhr in der Trauerhalle des Zentralfriedhofes statt.<\/p>\n<p>Hierzu laden die evangelische und katholische Klinikseelsorge f\u00fcr das Herz-Jesu-Krankenhaus und das Klinikum Fulda ein.<\/p>\n","protected":false},"excerpt":{"rendered":"<div class=\"tmnf_excerpt\"><p>Wenn das eigene Kind stirbt, bevor die Eltern es kennenlernen d\u00fcrfen, ist dies ein schwerer Schicksalsschlag f\u00fcr Mutter und Vater. Aus diesem Grund besteht auf Initiative des Institutes f\u00fcr Pathologie und der Frauenklinik am Klinikum Fulda seit August 2001 die M\u00f6glichkeit,\u00c2\u00a0 ungeborene Kinder auf dem Zentralfriedhof der Stadt Fulda in einem hierf\u00fcr besonderen Bereich zu &hellip;<\/p>\n<\/div>","protected":false},"author":1,"featured_media":0,"comment_status":"closed","ping_status":"closed","sticky":false,"template":"","format":"standard","meta":{"footnotes":""},"categories":[50],"tags":[],"class_list":["post-143431","post","type-post","status-publish","format-standard","hentry","category-kirche"],"_links":{"self":[{"href":"https:\/\/www.fuldaernachrichten.de\/index.php?rest_route=\/wp\/v2\/posts\/143431","targetHints":{"allow":["GET"]}}],"collection":[{"href":"https:\/\/www.fuldaernachrichten.de\/index.php?rest_route=\/wp\/v2\/posts"}],"about":[{"href":"https:\/\/www.fuldaernachrichten.de\/index.php?rest_route=\/wp\/v2\/types\/post"}],"author":[{"embeddable":true,"href":"https:\/\/www.fuldaernachrichten.de\/index.php?rest_route=\/wp\/v2\/users\/1"}],"replies":[{"embeddable":true,"href":"https:\/\/www.fuldaernachrichten.de\/index.php?rest_route=%2Fwp%2Fv2%2Fcomments&post=143431"}],"version-history":[{"count":1,"href":"https:\/\/www.fuldaernachrichten.de\/index.php?rest_route=\/wp\/v2\/posts\/143431\/revisions"}],"predecessor-version":[{"id":143439,"href":"https:\/\/www.fuldaernachrichten.de\/index.php?rest_route=\/wp\/v2\/posts\/143431\/revisions\/143439"}],"wp:attachment":[{"href":"https:\/\/www.fuldaernachrichten.de\/index.php?rest_route=%2Fwp%2Fv2%2Fmedia&parent=143431"}],"wp:term":[{"taxonomy":"category","embeddable":true,"href":"https:\/\/www.fuldaernachrichten.de\/index.php?rest_route=%2Fwp%2Fv2%2Fcategories&post=143431"},{"taxonomy":"post_tag","embeddable":true,"href":"https:\/\/www.fuldaernachrichten.de\/index.php?rest_route=%2Fwp%2Fv2%2Ftags&post=143431"}],"curies":[{"name":"wp","href":"https:\/\/api.w.org\/{rel}","templated":true}]}}