{"id":143420,"date":"2015-09-21T14:51:17","date_gmt":"2015-09-21T12:51:17","guid":{"rendered":"http:\/\/www.fuldaer-nachrichten.de\/?p=143420"},"modified":"2015-09-21T14:51:17","modified_gmt":"2015-09-21T12:51:17","slug":"neues-von-der-vhs-vogelsberg-willkommen-auf-deutsch","status":"publish","type":"post","link":"https:\/\/www.fuldaernachrichten.de\/?p=143420","title":{"rendered":"Neues von der vhs Vogelsberg &#8211; WILLKOMMEN AUF DEUTSCH"},"content":{"rendered":"<p>Die Volkshochschule des Vogelsbergkreises zeigt in Kooperation mit der Friedrich-Ebert-Stiftung Hessen am Mittwoch, 14. Oktober, ab 18\u00c2\u00a0 Uhr im Kinocenter in Alsfeld, Marburger Str. 11, den Dokumentarfilm WILLKOMMEN AUF DEUTSCH.<\/p>\n<p>Der Film zeigt die Herausforderungen, die durch die wachsenden Fl\u00fcchtlingszahlen entstehen, und setzt bei den einzelnen Menschen, ihren Sorgen und Vorurteilen in der b\u00fcrgerlichen Mitte Westdeutschlands an: Im Landkreis Harburg, s\u00fcdlich von Hamburg, scheint die Welt zwischen L\u00fcneburger Heide, Backsteinh\u00e4usern und Weideland ruhig und entspannt.<br \/>\nJetzt leben traumatisierte Fl\u00fcchtlinge neben Dorfbewohnern. Junge M\u00e4nner, die Krieg, Armut und Perspektivlosigkeit entfliehen wollen, werden in einem 400-Seelen-Dorf untergebracht, das weder B\u00e4cker noch Supermarkt hat. Was aber passiert, wenn Menschen aufeinanderprallen, die einander fremd sind?<\/p>\n<p>\u00dcber einen Zeitraum von fast einem Jahr begleitet der Film Fl\u00fcchtlinge, Anwohner sowie den Bereichsleiter Landkreisverwaltung. WILLKOMMEN AUF DEUTSCH ist kontrovers, emotional und auch am\u00fcsant und zeigt, dass die Situation schwierig, aber nicht hoffnungslos ist.<\/p>\n<p>In der anschlie\u00dfenden Gespr\u00e4chsrunde werden Landrat Manfred G\u00f6rig, Konrad R\u00fcssel von Pro Asyl und Caritas-Migrationsberaterin Kristina Schwarz mit den Kinobesuchern die Situation im Vogelsbergkreis beleuchten.<br \/>\nDie Veranstaltung ist geb\u00fchrenfrei und findet begleitend zur ARD-THEMENWOCHE statt.<\/p>\n<p>Weitere Informationen und verbindliche Anmeldung bis zum 7. Oktober bei der vhs, Tel. 06631 792-7730, oder im Internet unter www.vhs-vogelsberg.de.<\/p>\n","protected":false},"excerpt":{"rendered":"<div class=\"tmnf_excerpt\"><p>Die Volkshochschule des Vogelsbergkreises zeigt in Kooperation mit der Friedrich-Ebert-Stiftung Hessen am Mittwoch, 14. Oktober, ab 18\u00c2\u00a0 Uhr im Kinocenter in Alsfeld, Marburger Str. 11, den Dokumentarfilm WILLKOMMEN AUF DEUTSCH. Der Film zeigt die Herausforderungen, die durch die wachsenden Fl\u00fcchtlingszahlen entstehen, und setzt bei den einzelnen Menschen, ihren Sorgen und Vorurteilen in der b\u00fcrgerlichen Mitte &hellip;<\/p>\n<\/div>","protected":false},"author":1,"featured_media":0,"comment_status":"closed","ping_status":"closed","sticky":false,"template":"","format":"standard","meta":{"footnotes":""},"categories":[53],"tags":[],"class_list":["post-143420","post","type-post","status-publish","format-standard","hentry","category-bildung"],"_links":{"self":[{"href":"https:\/\/www.fuldaernachrichten.de\/index.php?rest_route=\/wp\/v2\/posts\/143420","targetHints":{"allow":["GET"]}}],"collection":[{"href":"https:\/\/www.fuldaernachrichten.de\/index.php?rest_route=\/wp\/v2\/posts"}],"about":[{"href":"https:\/\/www.fuldaernachrichten.de\/index.php?rest_route=\/wp\/v2\/types\/post"}],"author":[{"embeddable":true,"href":"https:\/\/www.fuldaernachrichten.de\/index.php?rest_route=\/wp\/v2\/users\/1"}],"replies":[{"embeddable":true,"href":"https:\/\/www.fuldaernachrichten.de\/index.php?rest_route=%2Fwp%2Fv2%2Fcomments&post=143420"}],"version-history":[{"count":1,"href":"https:\/\/www.fuldaernachrichten.de\/index.php?rest_route=\/wp\/v2\/posts\/143420\/revisions"}],"predecessor-version":[{"id":143428,"href":"https:\/\/www.fuldaernachrichten.de\/index.php?rest_route=\/wp\/v2\/posts\/143420\/revisions\/143428"}],"wp:attachment":[{"href":"https:\/\/www.fuldaernachrichten.de\/index.php?rest_route=%2Fwp%2Fv2%2Fmedia&parent=143420"}],"wp:term":[{"taxonomy":"category","embeddable":true,"href":"https:\/\/www.fuldaernachrichten.de\/index.php?rest_route=%2Fwp%2Fv2%2Fcategories&post=143420"},{"taxonomy":"post_tag","embeddable":true,"href":"https:\/\/www.fuldaernachrichten.de\/index.php?rest_route=%2Fwp%2Fv2%2Ftags&post=143420"}],"curies":[{"name":"wp","href":"https:\/\/api.w.org\/{rel}","templated":true}]}}