{"id":143418,"date":"2015-09-21T14:14:13","date_gmt":"2015-09-21T12:14:13","guid":{"rendered":"http:\/\/www.fuldaer-nachrichten.de\/?p=143418"},"modified":"2015-09-21T14:14:13","modified_gmt":"2015-09-21T12:14:13","slug":"gut-holz-heissts-wieder-in-oberelsbach","status":"publish","type":"post","link":"https:\/\/www.fuldaernachrichten.de\/?p=143418","title":{"rendered":"\u201eGut Holz\u201c hei\u00dft\u00e2\u20ac\u2122s wieder in Oberelsbach"},"content":{"rendered":"<p><a href=\"http:\/\/www.fuldaer-nachrichten.de\/wp-content\/uploads\/2015\/09\/Oberelsbach_Vorf\u00fchrungMaschine_Presse.jpg\"><img decoding=\"async\" class=\"alignleft size-thumbnail wp-image-143423\" src=\"http:\/\/www.fuldaer-nachrichten.de\/wp-content\/uploads\/2015\/09\/Oberelsbach_Vorf\u00fchrungMaschine_Presse-265x154.jpg\" alt=\"Oberelsbach_Vorf\u00fchrungMaschine_Presse\" width=\"265\" height=\"154\" \/><\/a>Holz hat die Rh\u00f6n reichlich. Mehr als die H\u00e4lfte der Fl\u00e4che sind bewaldet.\u00c2\u00a0 Umweltfreundlichem Bauen und Heizen mit dem nachwachsenden Rohstoff aus der Natur steht also nichts im Wege.\u00c2\u00a0 Mit dem 5. Holz- und Energietag am Sonntag, 4. Oktober, will der Markt Oberelsbach Einheimische und G\u00e4ste weiter sensibilisieren, das braune Gold der Rh\u00f6n noch intensiver zu nutzen.<\/p>\n<p>Von 10 bis 18 Uhr dreht sich in der Rh\u00f6ngemeinde wieder alles ums Holz und seine Verwertungsm\u00f6glichkeiten. Beh\u00f6rden, Verb\u00e4nde und heimische Wirtschaft zeigen die vielf\u00e4ltigen Nutzungsm\u00f6glichkeiten in Ausstellung, Vorf\u00fchrungen und Vortr\u00e4gen auf. Im Mittelpunkt stehen die Einsatzm\u00f6glichkeiten f\u00fcr den Neu-, Aus- und Umbau sowie die Verwendung als umweltfreundliche Energiequelle in Form von Scheitholz, Pellets oder Hackschnitzeln. Die Initiatoren des Holz- und Energietags sind Markt Oberelsbach, Interessengemeinschaft Oberelsbach sowie das Amt f\u00fcr Ern\u00e4hrung, Landwirtschaft und Forsten.<\/p>\n<p><a href=\"http:\/\/www.fuldaer-nachrichten.de\/wp-content\/uploads\/2015\/09\/OberelsbachHolztagS\u00e4gen_Presse.jpg\"><img decoding=\"async\" class=\"alignleft size-thumbnail wp-image-143424\" src=\"http:\/\/www.fuldaer-nachrichten.de\/wp-content\/uploads\/2015\/09\/OberelsbachHolztagS\u00e4gen_Presse-265x175.jpg\" alt=\"OberelsbachHolztagS\u00e4gen_Presse\" width=\"265\" height=\"175\" \/><\/a>Er\u00f6ffnet wird der 5. Holz- und Energietag am 4. Oktober in der Umweltbildungsst\u00e4tte mit der Festrede \u201eVielfalt erhalten \u2013 W\u00e4lder gestalten\u201c von Olaf Schmidt, Pr\u00e4sident der Landesanstalt f\u00fcr Wald- und Forstwirtschaft in Weihenstephan.<br \/>\nIm Anschluss finden hier weitere Vortr\u00e4ge zum Waldbild der Zukunft, Holzernte und Holzverkauf, F\u00f6rderm\u00f6glichkeiten der Waldbewirtschaftung sowie Natura 2000 im Wald statt.<\/p>\n<p>Auf dem Marktplatz und in der Elstalhalle informieren Forstverwaltung, Forstbetriebsgemeinschaften, der Bayerische Jagdverband, Naturschutz und Kreuzbergallianz, die Nahw\u00e4rmeversorgung Oberelsbach und der Energiesparkreis Rh\u00f6n-Grabfeld an Infost\u00e4nden \u00fcber Wald und Holz. Weiterhin finden Besucher hier Infost\u00e4nde der heimischen Wirtschaft. Der Bogen spannt sich hier vom Holzhandwerk und Heizungstechnik \u00fcber Landmaschinentechnik bis zu Arbeitsschutzbekleidung.<\/p>\n<p><a href=\"http:\/\/www.fuldaer-nachrichten.de\/wp-content\/uploads\/2015\/09\/Oberelsbach_Pano_NEU.jpg\"><img decoding=\"async\" class=\"alignleft size-thumbnail wp-image-143425\" src=\"http:\/\/www.fuldaer-nachrichten.de\/wp-content\/uploads\/2015\/09\/Oberelsbach_Pano_NEU-265x176.jpg\" alt=\"Oberelsbach_Pano_NEU\" width=\"265\" height=\"176\" srcset=\"https:\/\/www.fuldaernachrichten.de\/wp-content\/uploads\/2015\/09\/Oberelsbach_Pano_NEU-265x176.jpg 265w, https:\/\/www.fuldaernachrichten.de\/wp-content\/uploads\/2015\/09\/Oberelsbach_Pano_NEU-600x399.jpg 600w, https:\/\/www.fuldaernachrichten.de\/wp-content\/uploads\/2015\/09\/Oberelsbach_Pano_NEU.jpg 900w\" sizes=\"(max-width: 265px) 100vw, 265px\" \/><\/a>Auf der Wiese hinter dem Rathaus finden spannende Vorf\u00fchrungen zu Arbeitsschutz und Unfallvermeidung mit Rettungs\u00fcbungen statt. Auch das Biomasse-Heizwerk an der Oberwaldbehrunger Stra\u00dfe l\u00e4dt zum Tag der offenen T\u00fcr ein. Kinder k\u00f6nnen einen Nistkasten basteln und es gibt Aktionen zur Waldp\u00e4dagogik.<\/p>\n<p>Erstmals kombiniert der Gastgeber Oberelsbach seinen Holz- und Energietag mit dem traditionellen Bauernmarkt. F\u00fcr Menschen, die das Echte und Urspr\u00fcngliche sch\u00e4tzen, pr\u00e4sentieren rund 30 Landwirte und Kunsthandwerker ihr mit viel Liebe und Sorgfalt gefertigtes Sortiment. Zur St\u00e4rkung werden unter dem Motto \u201eVom Bauern direkt, das schmeckt\u201c regionale Spezialit\u00e4ten serviert. Mittags lockt Lamm mit Kartoffelvariationen, am Nachmittag der ber\u00fchmte Oberelsbacher Schmiereploatz und selbstgebackene Kuchen. Der Eintritt ist zu allen Veranstaltungen frei. Das Programm ist unter www.oberelsbach.de einsehbar.<\/p>\n","protected":false},"excerpt":{"rendered":"<div class=\"tmnf_excerpt\"><p>Holz hat die Rh\u00f6n reichlich. Mehr als die H\u00e4lfte der Fl\u00e4che sind bewaldet.\u00c2\u00a0 Umweltfreundlichem Bauen und Heizen mit dem nachwachsenden Rohstoff aus der Natur steht also nichts im Wege.\u00c2\u00a0 Mit dem 5. Holz- und Energietag am Sonntag, 4. Oktober, will der Markt Oberelsbach Einheimische und G\u00e4ste weiter sensibilisieren, das braune Gold der Rh\u00f6n noch intensiver &hellip;<\/p>\n<\/div>","protected":false},"author":1,"featured_media":143422,"comment_status":"closed","ping_status":"closed","sticky":false,"template":"","format":"standard","meta":{"footnotes":""},"categories":[1],"tags":[],"class_list":["post-143418","post","type-post","status-publish","format-standard","has-post-thumbnail","hentry","category-startseite"],"_links":{"self":[{"href":"https:\/\/www.fuldaernachrichten.de\/index.php?rest_route=\/wp\/v2\/posts\/143418","targetHints":{"allow":["GET"]}}],"collection":[{"href":"https:\/\/www.fuldaernachrichten.de\/index.php?rest_route=\/wp\/v2\/posts"}],"about":[{"href":"https:\/\/www.fuldaernachrichten.de\/index.php?rest_route=\/wp\/v2\/types\/post"}],"author":[{"embeddable":true,"href":"https:\/\/www.fuldaernachrichten.de\/index.php?rest_route=\/wp\/v2\/users\/1"}],"replies":[{"embeddable":true,"href":"https:\/\/www.fuldaernachrichten.de\/index.php?rest_route=%2Fwp%2Fv2%2Fcomments&post=143418"}],"version-history":[{"count":1,"href":"https:\/\/www.fuldaernachrichten.de\/index.php?rest_route=\/wp\/v2\/posts\/143418\/revisions"}],"predecessor-version":[{"id":143426,"href":"https:\/\/www.fuldaernachrichten.de\/index.php?rest_route=\/wp\/v2\/posts\/143418\/revisions\/143426"}],"wp:featuredmedia":[{"embeddable":true,"href":"https:\/\/www.fuldaernachrichten.de\/index.php?rest_route=\/wp\/v2\/media\/143422"}],"wp:attachment":[{"href":"https:\/\/www.fuldaernachrichten.de\/index.php?rest_route=%2Fwp%2Fv2%2Fmedia&parent=143418"}],"wp:term":[{"taxonomy":"category","embeddable":true,"href":"https:\/\/www.fuldaernachrichten.de\/index.php?rest_route=%2Fwp%2Fv2%2Fcategories&post=143418"},{"taxonomy":"post_tag","embeddable":true,"href":"https:\/\/www.fuldaernachrichten.de\/index.php?rest_route=%2Fwp%2Fv2%2Ftags&post=143418"}],"curies":[{"name":"wp","href":"https:\/\/api.w.org\/{rel}","templated":true}]}}