{"id":143377,"date":"2015-09-21T14:12:25","date_gmt":"2015-09-21T12:12:25","guid":{"rendered":"http:\/\/www.fuldaer-nachrichten.de\/?p=143377"},"modified":"2015-09-21T14:12:25","modified_gmt":"2015-09-21T12:12:25","slug":"spd-rueckers-nominiert-kandidaten-fuer-kreistag-gemeindevertretung-und-ortsbeirat","status":"publish","type":"post","link":"https:\/\/www.fuldaernachrichten.de\/?p=143377","title":{"rendered":"SPD R\u00fcckers nominiert Kandidaten f\u00fcr Kreistag, Gemeindevertretung und Ortsbeirat"},"content":{"rendered":"<p>In der Jahreshauptversammlung k\u00fcrten die Mitglieder des SPD Ortsvereins Flieden- R\u00fcckers ihre Kandidaten f\u00fcr die im M\u00e4rz n\u00e4chsten Jahres anstehenden Kommunalwahlen. So nominierten sie f\u00fcr den Fuldaer Kreistag ihren Vorsitzenden, B\u00fcrgermeister a. D. Winfried Kre\u00df, sowie Ihren zweiten Vors. Andreas Schultheis und Neumitglied Friedtjof Baeseler.<\/p>\n<p>Die beiden letztgenannten Parteifreunde werden auch seitens des Ortsvereins R\u00fcckers f\u00fcr die Gemeindevertretung Flieden kandidieren.<br \/>\nBez\u00fcglich der Liste f\u00fcr den k\u00fcnftigen Ortsbeirat war man sich ebenfalls einstimmig einig, dass Ortsvorsteher Peter Auth die Liste wieder anf\u00fchren soll, da er in den zur\u00fcckliegenden viereinhalb Jahren eine hervorragende Arbeit f\u00fcr R\u00fcckers gemacht hat. Ihm werden auf der Liste folgen Christine Pelzlbauer, Roland Besel, Andreas Schultheis, Nicole Schmitt und Friedtjof Baeseler.<br \/>\nIn den Aussprachen \u00fcber die aktuelle Kommunalpolitik bem\u00e4ngelte die Versammlung die nur schleppend laufende Ausweisung von neuen Baugebieten.<br \/>\nInsbesondere bez\u00fcglich des am Sitzungstag erschienenen Presseberichts in der<br \/>\nTagespresse kritisierten die Mitglieder die Klage\u00c2\u00a0 von B\u00fcrgermeister Henkel<br \/>\n,\u00e2\u20ac\u00a6 im Baugebiet\u00c2\u00a0 \u201eR\u00fccker Hof\u201c sei \u00fcber viele Jahre hinweg nichts f\u00fcr die Vermarktung des attraktiven Gel\u00e4ndes getan worden\u00e2\u20ac\u00a6<br \/>\nHierzu stellte Ortsvereinsvorsitzender und B\u00fcrgermeister a. D. Winfried Kre\u00df fest, dass gerade Anfang der 2000er Jahre sowohl der entsprechende Bebauungsplan als auch eine Compurtsimulation des m\u00f6glichen neuen Baugebiets zumindest auf den Weg gebracht worden sei.<br \/>\nAllerdings galt es in dieser Phase, das Augenmerk auch auf eine Erweiterung des seit 2011 im Fl\u00e4chennutzungsplan als neue Wohnbaufl\u00e4chen bereits ausgewiesenen\u00c2\u00a0 Neubaugebiets \u201eAm Kalbacher Pfad\u201c in \u00f6stliche Richtung zu legen, da absehbar war, dass das Gebiet \u201eR\u00fccker Hof\u201c wegen der Autobahn- und Eisenbahnn\u00e4he nur schwer zu vermarkten sein w\u00fcrde. Kre\u00df erinnerte in diesem Zusammenhang auch daran, dass dieses Gel\u00e4nde vom damaligen Gemeindevorstand gegen den erkl\u00e4rten Willen des Ortsteils R\u00fcckers erworben wurde, da man aus der Ortskenntnis heraus die<br \/>\njetzt aktuell aufgetretenen Akzeptanzprobleme seitens der R\u00fcckerser Bauwilligen mit dem Baugebiet schon vorausgesehen habe.<br \/>\nAu\u00dferdem waren bis vor kurzem noch gemeindliche Baupl\u00e4tze am \u201eKalbacher Pfad\u201c vorhanden, da es in den fr\u00fchen Zweitausender Jahren gelungen war, f\u00fcr die Erweiterung im jetzigen Finkenweg Gel\u00e4nde zu erwerben, das bis zum aktuellen Zeitpunkt ausreichend war, den Bedarf f\u00fcr den zweitgr\u00f6\u00dften Fliedener Ortsteil R\u00fcckers zu decken.<\/p>\n<p>Nunmehr gelte es jedoch, zeitnah neue Baugebiete zu entwickeln und anzubieten, um der demographischen Eigenentwicklung von R\u00fcckers im positiven Sinne Rechnung tragen zu k\u00f6nnen.<\/p>\n<p>Breiten Raum nahm auch die Diskussion \u00fcber die Neuordnung des Friedhofswesens ein, zu der Gemeindevertreter und Mitglied der Friedhofskommission Gerhard Fuchs \u00fcber den letzten Stand berichtete.<\/p>\n<p>Einig war man sich, dass die Initiativen der SPD-Fraktion Flieden richtig sind und dass man von R\u00fcckerser Seite fordern sollte, dass k\u00fcnftig auch auf dem Friedhof R\u00fcckers Rasengr\u00e4ber angeboten werden m\u00fcssen. Es k\u00f6nne schlie\u00dflich nicht angehen, dass verstorbene R\u00fcckerser B\u00fcrger sich in Flieden beerdigen lassen m\u00fcssten, nur weil sie pflegeleichte bzw. Rasengr\u00e4ber aus nachvollziehbaren Gr\u00fcnden haben m\u00f6chten.<\/p>\n<p>Weiterhin wurde bem\u00e4ngelt, dass\u00c2\u00a0 seitens der Stra\u00dfenbauverwaltung und der Deutschen Bahn bisher noch keinerlei Anstalten gemacht wurden, das Problem der \u00fcberm\u00e4\u00dfigen L\u00e4rmbelastung durch die A66 und den Zugverkehr f\u00fcr Teile von R\u00fcckers zu minimieren.<\/p>\n<p>In diesem Zusammenhang versprach Kreistagsabgeordneter und Ortsvereinsvorsitzender Kre\u00df bei der Kreisverwaltung nachzuhaken, wie der aktuelle Bearbeitungsstand\u00c2\u00a0 des vor Jahresfrist von ihm eingebrachten und vom Kreistag einstimmig akzeptierten diesbez\u00fcglichen Antrags in Wiesbaden oder Fulda sei.<\/p>\n<p>Auch die aktuell stattfindende Stra\u00dfenerneuerung von R\u00fcckers nach Schweben bzw. in Richtung Schwimmbad wurde heftig kritisiert, da hier trotz aufw\u00e4ndiger Bauma\u00dfnahmen keinerlei Verbesserung f\u00fcr Fu\u00dfg\u00e4nger und Radfahrer einhergehe.<\/p>\n<p>Nach dem Gru\u00dfwort des Vorsitzenden des Ortsvereins Flieden, Markus Lohfink, war man sich einig, dass man den Kommunalwahlkampf, genau wie in der Vergangenheit auch, zusammen f\u00fchren wolle.<br \/>\nHierzu wurden bereits Termine festgelegt, unter anderem am 13.Nov.15 zur gemeinsamen Versammlung der Mitglieder der Ortsvereine Flieden und R\u00fcckers zur Aufstellung der Liste f\u00fcr die Gemeindevertretung sowie am 3 November 15 zu einer Veranstaltung im \u201eGr\u00fcnen Baum\u201c in R\u00fcckers zum Thema \u201e Kommunalpolitik \u2013 wie geht das\u201c mit dem Landtagsabgeordneten Michael Siebel.<\/p>\n<p>Abschlie\u00dfend gab es noch viel Lob f\u00fcr die gelebte Willkommenskultur gegen\u00fcber den in R\u00fcckers derzeit wohnenden Fl\u00fcchtlingen bzw. Asylbewerbern durch den neu entstandenen Arbeitskreis unter Federf\u00fchrung von Ortsvorsteher Peter Auth.<br \/>\nAll diese von freiwilligen Helfern und Vereinsvertretern durchgef\u00fchrten Aktivit\u00e4ten und Veranstaltungen zeigten, wie tolerant und weltoffen die R\u00fcckerser B\u00fcrger seien.<\/p>\n","protected":false},"excerpt":{"rendered":"<div class=\"tmnf_excerpt\"><p>In der Jahreshauptversammlung k\u00fcrten die Mitglieder des SPD Ortsvereins Flieden- R\u00fcckers ihre Kandidaten f\u00fcr die im M\u00e4rz n\u00e4chsten Jahres anstehenden Kommunalwahlen. So nominierten sie f\u00fcr den Fuldaer Kreistag ihren Vorsitzenden, B\u00fcrgermeister a. D. Winfried Kre\u00df, sowie Ihren zweiten Vors. Andreas Schultheis und Neumitglied Friedtjof Baeseler. Die beiden letztgenannten Parteifreunde werden auch seitens des Ortsvereins R\u00fcckers &hellip;<\/p>\n<\/div>","protected":false},"author":1,"featured_media":0,"comment_status":"closed","ping_status":"closed","sticky":false,"template":"","format":"standard","meta":{"footnotes":""},"categories":[29],"tags":[],"class_list":["post-143377","post","type-post","status-publish","format-standard","hentry","category-politik"],"_links":{"self":[{"href":"https:\/\/www.fuldaernachrichten.de\/index.php?rest_route=\/wp\/v2\/posts\/143377","targetHints":{"allow":["GET"]}}],"collection":[{"href":"https:\/\/www.fuldaernachrichten.de\/index.php?rest_route=\/wp\/v2\/posts"}],"about":[{"href":"https:\/\/www.fuldaernachrichten.de\/index.php?rest_route=\/wp\/v2\/types\/post"}],"author":[{"embeddable":true,"href":"https:\/\/www.fuldaernachrichten.de\/index.php?rest_route=\/wp\/v2\/users\/1"}],"replies":[{"embeddable":true,"href":"https:\/\/www.fuldaernachrichten.de\/index.php?rest_route=%2Fwp%2Fv2%2Fcomments&post=143377"}],"version-history":[{"count":1,"href":"https:\/\/www.fuldaernachrichten.de\/index.php?rest_route=\/wp\/v2\/posts\/143377\/revisions"}],"predecessor-version":[{"id":143417,"href":"https:\/\/www.fuldaernachrichten.de\/index.php?rest_route=\/wp\/v2\/posts\/143377\/revisions\/143417"}],"wp:attachment":[{"href":"https:\/\/www.fuldaernachrichten.de\/index.php?rest_route=%2Fwp%2Fv2%2Fmedia&parent=143377"}],"wp:term":[{"taxonomy":"category","embeddable":true,"href":"https:\/\/www.fuldaernachrichten.de\/index.php?rest_route=%2Fwp%2Fv2%2Fcategories&post=143377"},{"taxonomy":"post_tag","embeddable":true,"href":"https:\/\/www.fuldaernachrichten.de\/index.php?rest_route=%2Fwp%2Fv2%2Ftags&post=143377"}],"curies":[{"name":"wp","href":"https:\/\/api.w.org\/{rel}","templated":true}]}}