{"id":143375,"date":"2015-09-21T07:58:29","date_gmt":"2015-09-21T05:58:29","guid":{"rendered":"http:\/\/www.fuldaer-nachrichten.de\/?p=143375"},"modified":"2015-09-21T07:58:29","modified_gmt":"2015-09-21T05:58:29","slug":"eroeffnung-der-gemeindemission-von-st-peter-und-st-paul-in-der-paulskirche-mit-bildergalerie","status":"publish","type":"post","link":"https:\/\/www.fuldaernachrichten.de\/?p=143375","title":{"rendered":"Er\u00f6ffnung der Gemeindemission von St. Peter und St. Paul in der Paulskirche &#8211; mit Bildergalerie"},"content":{"rendered":"<p>Der Gottesdienst zur Missionser\u00f6ffnung am Freitagabend war schon ein Highlight. Zu Beginn bekamen die Missionare P. Jens Watteroth und P. Martin Wolf eine Stola \u00fcberreicht, als Zeichen daf\u00fcr, dass sie nun berechtigt sind hier in unseren Gemeinden zu wirken, Sakramente zu spenden und seesorglich t\u00e4tig zu sein. P. Jens Watteroth betonte in der ersten Missionspredigt den Slogan der Mission \u201eVon Grund auf neu\u201c\u00c2\u00a0 &#8211; \u201eErneuerung von innen &#8211; das ist auch ein St\u00fcck Arbeit &#8211; sich auf den Weg zu machen &#8211; Wer schon einmal gebaut hat wei\u00df, wie m\u00fchselig eine Baustelle sein kann\u201c &#8211; als Zeichen daf\u00fcr hielt der Prediger einen Spaten in die Luft. \u201eEs bedarf K\u00f6rpereinsatz vom ersten Spatenstich bis zur Vollendung der Baustelle. Gott traut es uns zu hier in dieser Zeit &#8211; wir Leben im hier und jetzt &#8211; nicht irgendwann &#8211; Gott traut es uns jetzt zu. Trauen wir Gott zu, dass er uns unterst\u00fctzt?, das er unsere Wege mitgeht? &#8211; Von Grund auf neu wollen wir uns in diesen Tagen auf den Weg machen. Viele Angebote laden ein, sich innerlich zu erneuern, uns aufbauen zu lassen mit IHM an der Seite.\u201c, so Watteroth.<\/p>\n<p>Nach der Messe brannten Lagerfeuer vor der Kirche, Getr\u00e4nke, etwas zu Essen und das Jugendorchester des Petersberger Musikvereins luden zum Verweilen und zum Austausch ein. Der Abend schloss mit einem Taize-Abendgebet in der Kirche, an dem zahlreiche Gemeindemitglieder und G\u00e4ste teilnahmen &#8211; die besondere Atmosph\u00e4re der Kirche vertiefte die Texte und pers\u00f6nliche das Gebet.<\/p>\n<p>In der Woche der Gemeindemission wird der Turm der Rabanus-Maurus-Kirche in der Farbe blau des Missionslogos Abend f\u00fcr Abend erstrahlen.<br \/>\nHerzliche Einladung zu den weiteren Angeboten der Gemeindemission &#8211; alles weitere finden Sie auf www.st-peter.de<\/p>\n","protected":false},"excerpt":{"rendered":"<div class=\"tmnf_excerpt\"><p>Der Gottesdienst zur Missionser\u00f6ffnung am Freitagabend war schon ein Highlight. Zu Beginn bekamen die Missionare P. Jens Watteroth und P. Martin Wolf eine Stola \u00fcberreicht, als Zeichen daf\u00fcr, dass sie nun berechtigt sind hier in unseren Gemeinden zu wirken, Sakramente zu spenden und seesorglich t\u00e4tig zu sein. P. Jens Watteroth betonte in der ersten Missionspredigt &hellip;<\/p>\n<\/div>","protected":false},"author":1,"featured_media":143378,"comment_status":"closed","ping_status":"closed","sticky":false,"template":"","format":"gallery","meta":{"footnotes":""},"categories":[54,50],"tags":[],"class_list":["post-143375","post","type-post","status-publish","format-gallery","has-post-thumbnail","hentry","category-bildergalerien","category-kirche","post_format-post-format-gallery"],"_links":{"self":[{"href":"https:\/\/www.fuldaernachrichten.de\/index.php?rest_route=\/wp\/v2\/posts\/143375","targetHints":{"allow":["GET"]}}],"collection":[{"href":"https:\/\/www.fuldaernachrichten.de\/index.php?rest_route=\/wp\/v2\/posts"}],"about":[{"href":"https:\/\/www.fuldaernachrichten.de\/index.php?rest_route=\/wp\/v2\/types\/post"}],"author":[{"embeddable":true,"href":"https:\/\/www.fuldaernachrichten.de\/index.php?rest_route=\/wp\/v2\/users\/1"}],"replies":[{"embeddable":true,"href":"https:\/\/www.fuldaernachrichten.de\/index.php?rest_route=%2Fwp%2Fv2%2Fcomments&post=143375"}],"version-history":[{"count":1,"href":"https:\/\/www.fuldaernachrichten.de\/index.php?rest_route=\/wp\/v2\/posts\/143375\/revisions"}],"predecessor-version":[{"id":143407,"href":"https:\/\/www.fuldaernachrichten.de\/index.php?rest_route=\/wp\/v2\/posts\/143375\/revisions\/143407"}],"wp:featuredmedia":[{"embeddable":true,"href":"https:\/\/www.fuldaernachrichten.de\/index.php?rest_route=\/wp\/v2\/media\/143378"}],"wp:attachment":[{"href":"https:\/\/www.fuldaernachrichten.de\/index.php?rest_route=%2Fwp%2Fv2%2Fmedia&parent=143375"}],"wp:term":[{"taxonomy":"category","embeddable":true,"href":"https:\/\/www.fuldaernachrichten.de\/index.php?rest_route=%2Fwp%2Fv2%2Fcategories&post=143375"},{"taxonomy":"post_tag","embeddable":true,"href":"https:\/\/www.fuldaernachrichten.de\/index.php?rest_route=%2Fwp%2Fv2%2Ftags&post=143375"}],"curies":[{"name":"wp","href":"https:\/\/api.w.org\/{rel}","templated":true}]}}