{"id":143371,"date":"2015-09-21T07:55:03","date_gmt":"2015-09-21T05:55:03","guid":{"rendered":"http:\/\/www.fuldaer-nachrichten.de\/?p=143371"},"modified":"2015-09-21T07:55:03","modified_gmt":"2015-09-21T05:55:03","slug":"broschuere-zur-ausstellung-adel-und-ritter-der-rhoen-ab-sofort-erhaeltlich","status":"publish","type":"post","link":"https:\/\/www.fuldaernachrichten.de\/?p=143371","title":{"rendered":"Brosch\u00fcre zur Ausstellung &#8220;Adel und Ritter der Rh\u00f6n) ab sofort erh\u00e4ltlich!"},"content":{"rendered":"<p>Im Rahmen der Ausstellung \u201eAdel und Ritter der Rh\u00f6n\u201c hat die Stadt Tann (Rh\u00f6n) eine Brosch\u00fcre\/ein Beiheft in DIN A4-Format aufgelegt. Auf 52 Seiten werden neben einer reichhaltigen Bebilderung\u00c2\u00a0 eingehend die einzelnen Themen der Ausstellung beschrieben.<br \/>\nDie Brosch\u00fcre\/das Beiheft ist ab sofort im Kassenbereich des Naturmuseums sowie in der Tourist-Info in Tann (Rh\u00f6n) zum Preis von 10,00\u00e2\u201a\u00ac erh\u00e4ltlich.<\/p>\n<p>Seitens der Stadt kann die Brosch\u00fcre an Interessenten nach Vorkasse versandt werden.<\/p>\n<p>Weitere Infos: unter: www.tann-rhoen.de<br \/>\nTourist-Info Tann (Rh\u00f6n), \u00c2\u00a0Tel.: 06682-9611-11 und 12; tourist-info@tann-rhoen.de<br \/>\nNaturmuseum Tann (Rh\u00f6n), Tel.: 06682-8977<\/p>\n","protected":false},"excerpt":{"rendered":"<div class=\"tmnf_excerpt\"><p>Im Rahmen der Ausstellung \u201eAdel und Ritter der Rh\u00f6n\u201c hat die Stadt Tann (Rh\u00f6n) eine Brosch\u00fcre\/ein Beiheft in DIN A4-Format aufgelegt. Auf 52 Seiten werden neben einer reichhaltigen Bebilderung\u00c2\u00a0 eingehend die einzelnen Themen der Ausstellung beschrieben. Die Brosch\u00fcre\/das Beiheft ist ab sofort im Kassenbereich des Naturmuseums sowie in der Tourist-Info in Tann (Rh\u00f6n) zum Preis &hellip;<\/p>\n<\/div>","protected":false},"author":1,"featured_media":143373,"comment_status":"closed","ping_status":"closed","sticky":false,"template":"","format":"standard","meta":{"footnotes":""},"categories":[1],"tags":[],"class_list":["post-143371","post","type-post","status-publish","format-standard","has-post-thumbnail","hentry","category-startseite"],"_links":{"self":[{"href":"https:\/\/www.fuldaernachrichten.de\/index.php?rest_route=\/wp\/v2\/posts\/143371","targetHints":{"allow":["GET"]}}],"collection":[{"href":"https:\/\/www.fuldaernachrichten.de\/index.php?rest_route=\/wp\/v2\/posts"}],"about":[{"href":"https:\/\/www.fuldaernachrichten.de\/index.php?rest_route=\/wp\/v2\/types\/post"}],"author":[{"embeddable":true,"href":"https:\/\/www.fuldaernachrichten.de\/index.php?rest_route=\/wp\/v2\/users\/1"}],"replies":[{"embeddable":true,"href":"https:\/\/www.fuldaernachrichten.de\/index.php?rest_route=%2Fwp%2Fv2%2Fcomments&post=143371"}],"version-history":[{"count":1,"href":"https:\/\/www.fuldaernachrichten.de\/index.php?rest_route=\/wp\/v2\/posts\/143371\/revisions"}],"predecessor-version":[{"id":143374,"href":"https:\/\/www.fuldaernachrichten.de\/index.php?rest_route=\/wp\/v2\/posts\/143371\/revisions\/143374"}],"wp:featuredmedia":[{"embeddable":true,"href":"https:\/\/www.fuldaernachrichten.de\/index.php?rest_route=\/wp\/v2\/media\/143373"}],"wp:attachment":[{"href":"https:\/\/www.fuldaernachrichten.de\/index.php?rest_route=%2Fwp%2Fv2%2Fmedia&parent=143371"}],"wp:term":[{"taxonomy":"category","embeddable":true,"href":"https:\/\/www.fuldaernachrichten.de\/index.php?rest_route=%2Fwp%2Fv2%2Fcategories&post=143371"},{"taxonomy":"post_tag","embeddable":true,"href":"https:\/\/www.fuldaernachrichten.de\/index.php?rest_route=%2Fwp%2Fv2%2Ftags&post=143371"}],"curies":[{"name":"wp","href":"https:\/\/api.w.org\/{rel}","templated":true}]}}