{"id":143257,"date":"2015-09-18T10:29:03","date_gmt":"2015-09-18T08:29:03","guid":{"rendered":"http:\/\/www.fuldaer-nachrichten.de\/?p=143257"},"modified":"2015-09-18T10:29:03","modified_gmt":"2015-09-18T08:29:03","slug":"sommerferien-programm-der-gemeinde-flieden-grosser-erfolg","status":"publish","type":"post","link":"https:\/\/www.fuldaernachrichten.de\/?p=143257","title":{"rendered":"Sommerferien-Programm der Gemeinde Flieden gro\u00dfer Erfolg"},"content":{"rendered":"<p><a href=\"http:\/\/www.fuldaer-nachrichten.de\/wp-content\/uploads\/2015\/09\/Ferienprogramm-2015-Natur-und-Artenschutz-Bild-1.jpg\"><img fetchpriority=\"high\" decoding=\"async\" class=\"alignleft size-thumbnail wp-image-143259\" src=\"http:\/\/www.fuldaer-nachrichten.de\/wp-content\/uploads\/2015\/09\/Ferienprogramm-2015-Natur-und-Artenschutz-Bild-1-265x199.jpg\" alt=\"Ferienprogramm 2015 - Natur- und Artenschutz - Bild 1\" width=\"265\" height=\"199\" srcset=\"https:\/\/www.fuldaernachrichten.de\/wp-content\/uploads\/2015\/09\/Ferienprogramm-2015-Natur-und-Artenschutz-Bild-1-265x199.jpg 265w, https:\/\/www.fuldaernachrichten.de\/wp-content\/uploads\/2015\/09\/Ferienprogramm-2015-Natur-und-Artenschutz-Bild-1-600x450.jpg 600w, https:\/\/www.fuldaernachrichten.de\/wp-content\/uploads\/2015\/09\/Ferienprogramm-2015-Natur-und-Artenschutz-Bild-1.jpg 900w\" sizes=\"(max-width: 265px) 100vw, 265px\" \/><\/a>Rund 300 Kinder hatten viel Ferienspa\u00df bei den 15 verschiedenen Tages- und drei Wochenveranstaltungen in den Sommerferien.<\/p>\n<p>Bereits seit acht Jahren bietet die Gemeinde Flieden neben den beiden Ferien-Aktiv-Wochen weitere Aktionstage an. Diese werden u.a. von \u00f6rtlichen Vereinen und Verb\u00e4nden organisiert und durchgef\u00fchrt.<\/p>\n<p>Das in diesem Jahr besonders gro\u00dfe und breit gef\u00e4cherte Angebot fand guten Anklang, so dass alle Programmpunkte bis auf wenige Pl\u00e4tze ausgebuchten waren.<\/p>\n<p>Neben den Klassikern \u201eReiten\u201c und \u201eNaturerlebnisse mit dem NABU\u201c waren in diesem Jahr die H\u00f6hepunkte der \u201eDownhill-Schnuppertag\u201c, \u201eSkaten &#8211; aber sicher und richtig\u201c sowie \u201eFotografieren statt knipsen\u201c. Ebenfalls sehr beliebt war die \u201eGEO-Schnitzeljagd mit Sprachhund Lady\u201c vom Spracherlebniscamp Wasserkuppe und \u201eBrotbacken im Backhaus\u201c mit den Landfrauen.<\/p>\n<p>\u201eDas Ferienprogramm der Gemeinde Flieden hat sich zu einem absoluten Vorzeigeprogramm entwickelt, dass ganz im Leitmotiv der Familienfreundlichkeit steht. Es w\u00e4re nicht m\u00f6glich ohne die zahlreichen Veranstalter und Betreuer aus Vereinen und Verb\u00e4nden, denen ich f\u00fcr Ihr Engagement herzlich danke. F\u00fcr die Vereine bietet das Programm eine erstklassige M\u00f6glichkeit, um den Nachwuchs zu gewinnen\u201c, so B\u00fcrgermeister Christian Henkel.<\/p>\n<p><a href=\"http:\/\/www.fuldaer-nachrichten.de\/wp-content\/uploads\/2015\/09\/Ferienprogramm-2015-Fotografieren-statt-Knipsen-Bild-6.jpg\"><img decoding=\"async\" class=\"alignleft size-thumbnail wp-image-143260\" src=\"http:\/\/www.fuldaer-nachrichten.de\/wp-content\/uploads\/2015\/09\/Ferienprogramm-2015-Fotografieren-statt-Knipsen-Bild-6-265x206.jpg\" alt=\"Ferienprogramm 2015 - Fotografieren statt Knipsen - Bild 6\" width=\"265\" height=\"206\" srcset=\"https:\/\/www.fuldaernachrichten.de\/wp-content\/uploads\/2015\/09\/Ferienprogramm-2015-Fotografieren-statt-Knipsen-Bild-6-265x206.jpg 265w, https:\/\/www.fuldaernachrichten.de\/wp-content\/uploads\/2015\/09\/Ferienprogramm-2015-Fotografieren-statt-Knipsen-Bild-6-600x467.jpg 600w, https:\/\/www.fuldaernachrichten.de\/wp-content\/uploads\/2015\/09\/Ferienprogramm-2015-Fotografieren-statt-Knipsen-Bild-6.jpg 900w\" sizes=\"(max-width: 265px) 100vw, 265px\" \/><\/a>Das Angebot ist inzwischen so attraktiv, dass sich Kinder aus umliegenden Nachbargemeinde bereits beim Anmeldestart auf die Warteliste setzen lassen, um dann Restpl\u00e4tze, die nicht von Fliedener Kindern genutzt werden, zu belegen.<\/p>\n<p>Ausf\u00fchrliche Berichte und weitere Fotos der einzelnen Programmpunkte unter www.flieden.de<\/p>\n","protected":false},"excerpt":{"rendered":"<div class=\"tmnf_excerpt\"><p>Rund 300 Kinder hatten viel Ferienspa\u00df bei den 15 verschiedenen Tages- und drei Wochenveranstaltungen in den Sommerferien. Bereits seit acht Jahren bietet die Gemeinde Flieden neben den beiden Ferien-Aktiv-Wochen weitere Aktionstage an. Diese werden u.a. von \u00f6rtlichen Vereinen und Verb\u00e4nden organisiert und durchgef\u00fchrt. Das in diesem Jahr besonders gro\u00dfe und breit gef\u00e4cherte Angebot fand guten &hellip;<\/p>\n<\/div>","protected":false},"author":1,"featured_media":143258,"comment_status":"closed","ping_status":"closed","sticky":false,"template":"","format":"standard","meta":{"footnotes":""},"categories":[72],"tags":[],"class_list":["post-143257","post","type-post","status-publish","format-standard","has-post-thumbnail","hentry","category-jugend"],"_links":{"self":[{"href":"https:\/\/www.fuldaernachrichten.de\/index.php?rest_route=\/wp\/v2\/posts\/143257","targetHints":{"allow":["GET"]}}],"collection":[{"href":"https:\/\/www.fuldaernachrichten.de\/index.php?rest_route=\/wp\/v2\/posts"}],"about":[{"href":"https:\/\/www.fuldaernachrichten.de\/index.php?rest_route=\/wp\/v2\/types\/post"}],"author":[{"embeddable":true,"href":"https:\/\/www.fuldaernachrichten.de\/index.php?rest_route=\/wp\/v2\/users\/1"}],"replies":[{"embeddable":true,"href":"https:\/\/www.fuldaernachrichten.de\/index.php?rest_route=%2Fwp%2Fv2%2Fcomments&post=143257"}],"version-history":[{"count":1,"href":"https:\/\/www.fuldaernachrichten.de\/index.php?rest_route=\/wp\/v2\/posts\/143257\/revisions"}],"predecessor-version":[{"id":143261,"href":"https:\/\/www.fuldaernachrichten.de\/index.php?rest_route=\/wp\/v2\/posts\/143257\/revisions\/143261"}],"wp:featuredmedia":[{"embeddable":true,"href":"https:\/\/www.fuldaernachrichten.de\/index.php?rest_route=\/wp\/v2\/media\/143258"}],"wp:attachment":[{"href":"https:\/\/www.fuldaernachrichten.de\/index.php?rest_route=%2Fwp%2Fv2%2Fmedia&parent=143257"}],"wp:term":[{"taxonomy":"category","embeddable":true,"href":"https:\/\/www.fuldaernachrichten.de\/index.php?rest_route=%2Fwp%2Fv2%2Fcategories&post=143257"},{"taxonomy":"post_tag","embeddable":true,"href":"https:\/\/www.fuldaernachrichten.de\/index.php?rest_route=%2Fwp%2Fv2%2Ftags&post=143257"}],"curies":[{"name":"wp","href":"https:\/\/api.w.org\/{rel}","templated":true}]}}