{"id":143234,"date":"2015-09-17T16:53:35","date_gmt":"2015-09-17T14:53:35","guid":{"rendered":"http:\/\/www.fuldaer-nachrichten.de\/?p=143234"},"modified":"2015-09-17T16:53:35","modified_gmt":"2015-09-17T14:53:35","slug":"weiterbildung-am-klinikum-fulda-10-erfolgreiche-absolventen-des-praxisanleiter-lehrgangs","status":"publish","type":"post","link":"https:\/\/www.fuldaernachrichten.de\/?p=143234","title":{"rendered":"Weiterbildung am Klinikum Fulda: 10 erfolgreiche Absolventen des Praxisanleiter-Lehrgangs"},"content":{"rendered":"<p>Am Klinikum Fulda haben am 19.08.2015 zehn Weiterbildungsteilnehmer aus dem Klinikum Fulda, dem Herz-Jesu-Krankenhaus, dem Kreiskrankenhaus Alsfeld und den Seniorenzentren Heilig Geist und St. Lioba die berufsbegleitende Weiterbildung zur Praxisanleitung in der Pflege erfolgreich bestanden.<\/p>\n<p>Die Praxisanleiter sind in allen Bereichen der Pflege t\u00e4tig, in denen Auszubildende bzw. Weiterbildungsteilnehmer eingesetzt werden. Sie bestimmen heute wesentlich die Qualit\u00e4t der praktischen Ausbildung und sichern so den zuk\u00fcnftigen Qualit\u00e4tsanspruch der Einrichtung. Die neuen Praxisanleiter sind ein wichtiger Bestandteil in der praktischen Ausbildung des Pflegenachwuchses und der Weiterqualifizierung beruflich Pflegender. Zudem sind sie in der Examenspr\u00fcfung als Fachpr\u00fcfer t\u00e4tig.<\/p>\n<p>Die Weiterbildung ist eine berufsp\u00e4dagogische Ma\u00dfnahme, die vom Gesetzgeber gefordert und seit 2012 am Klinikum Fulda unter der Leitung von Herrn Wilfried Voit durchgef\u00fchrt wird. In sechs Monaten erwarben die Weiterbildungsteilnehmer das berufsp\u00e4da-gogische Wissen, um Sch\u00fclerinnen und Sch\u00fcler in pflegerischen Aus- und Weiterbildungen optimal praktisch anleiten zu k\u00f6nnen. Hierzu z\u00e4hlen u.a. die Grundlagen der Methodik und Didaktik, Ausz\u00fcge aus Arbeits- und Haftungsrecht, Lern- und Kommunikationspsychologie sowie spezielle, auf die Aus- und Weiterbildung in der Pflege zugeschnittenen, Inhalte.<\/p>\n<p>Die theoretische Weiterbildung besteht aus einem Grund- und einem Fachmodul. Die Praxisanleitung ist die Erg\u00e4nzung zur fachtheoretischen Ausbildung in Schulen und Weiterbildungsst\u00e4tten f\u00fcr Pflegeberufe.<\/p>\n<p>Das Klinikum Fulda und seine Tochterunternehmen stehen f\u00fcr eine gute Aus-, Fort- und Weiterbildung in Berufen mit Perspektive! Das neue BildungsZentrum des Klinikums am Standort der ehemaligen Athanasius-Kircher-Schule pr\u00e4sentiert ein vielf\u00e4ltiges und modernes Angebot:<br \/>\nDie Schule f\u00fcr technische Assistenten in der Medizin (MTA-Schule), die Kranken- und Kinderkrankenpflegeschule, die Schule f\u00fcr Operationstechnische Assistenten (OTA-Schule) sowie die Fachweiterbildung und die innerbetriebliche Fort- und Weiterbildung sind hier unter einem Dach integriert.<\/p>\n<p>Folgende Mitarbeiter haben die Pr\u00fcfung bestanden:<\/p>\n<p>Marie-Luise G\u00f6bel,<br \/>\nSilke Gonder-Kaksch,<br \/>\nDaniela Keutsch,<br \/>\nSteve Lakha,<br \/>\nMariana Lee,<br \/>\nTim Muth,<br \/>\nLisa-Marie Purschke,<br \/>\nGabriele Stark,<br \/>\nChristina Treder,<br \/>\nElsa Trinnes<\/p>\n","protected":false},"excerpt":{"rendered":"<div class=\"tmnf_excerpt\"><p>Am Klinikum Fulda haben am 19.08.2015 zehn Weiterbildungsteilnehmer aus dem Klinikum Fulda, dem Herz-Jesu-Krankenhaus, dem Kreiskrankenhaus Alsfeld und den Seniorenzentren Heilig Geist und St. Lioba die berufsbegleitende Weiterbildung zur Praxisanleitung in der Pflege erfolgreich bestanden. Die Praxisanleiter sind in allen Bereichen der Pflege t\u00e4tig, in denen Auszubildende bzw. Weiterbildungsteilnehmer eingesetzt werden. Sie bestimmen heute wesentlich &hellip;<\/p>\n<\/div>","protected":false},"author":1,"featured_media":143235,"comment_status":"closed","ping_status":"closed","sticky":false,"template":"","format":"standard","meta":{"footnotes":""},"categories":[51],"tags":[],"class_list":["post-143234","post","type-post","status-publish","format-standard","has-post-thumbnail","hentry","category-medizin"],"_links":{"self":[{"href":"https:\/\/www.fuldaernachrichten.de\/index.php?rest_route=\/wp\/v2\/posts\/143234","targetHints":{"allow":["GET"]}}],"collection":[{"href":"https:\/\/www.fuldaernachrichten.de\/index.php?rest_route=\/wp\/v2\/posts"}],"about":[{"href":"https:\/\/www.fuldaernachrichten.de\/index.php?rest_route=\/wp\/v2\/types\/post"}],"author":[{"embeddable":true,"href":"https:\/\/www.fuldaernachrichten.de\/index.php?rest_route=\/wp\/v2\/users\/1"}],"replies":[{"embeddable":true,"href":"https:\/\/www.fuldaernachrichten.de\/index.php?rest_route=%2Fwp%2Fv2%2Fcomments&post=143234"}],"version-history":[{"count":1,"href":"https:\/\/www.fuldaernachrichten.de\/index.php?rest_route=\/wp\/v2\/posts\/143234\/revisions"}],"predecessor-version":[{"id":143236,"href":"https:\/\/www.fuldaernachrichten.de\/index.php?rest_route=\/wp\/v2\/posts\/143234\/revisions\/143236"}],"wp:featuredmedia":[{"embeddable":true,"href":"https:\/\/www.fuldaernachrichten.de\/index.php?rest_route=\/wp\/v2\/media\/143235"}],"wp:attachment":[{"href":"https:\/\/www.fuldaernachrichten.de\/index.php?rest_route=%2Fwp%2Fv2%2Fmedia&parent=143234"}],"wp:term":[{"taxonomy":"category","embeddable":true,"href":"https:\/\/www.fuldaernachrichten.de\/index.php?rest_route=%2Fwp%2Fv2%2Fcategories&post=143234"},{"taxonomy":"post_tag","embeddable":true,"href":"https:\/\/www.fuldaernachrichten.de\/index.php?rest_route=%2Fwp%2Fv2%2Ftags&post=143234"}],"curies":[{"name":"wp","href":"https:\/\/api.w.org\/{rel}","templated":true}]}}