{"id":143233,"date":"2015-09-17T16:54:17","date_gmt":"2015-09-17T14:54:17","guid":{"rendered":"http:\/\/www.fuldaer-nachrichten.de\/?p=143233"},"modified":"2015-09-17T16:54:17","modified_gmt":"2015-09-17T14:54:17","slug":"showabend-stadtwette","status":"publish","type":"post","link":"https:\/\/www.fuldaernachrichten.de\/?p=143233","title":{"rendered":"Showabend Stadtwette"},"content":{"rendered":"<p>Die Fuldaer B\u00fcrgerstiftung \u201eAntoniusheim\u201c wird in diesem Jahr 111 Jahre. Seit dieser Zeit setzen sich die Mitarbeiter f\u00fcr bessere Lebens- und Berufsbedingungen f\u00fcr Menschen mit einer geistigen Behinderung ein.<br \/>\nAuf Grund des nicht ganz allt\u00e4glichen Jubil\u00e4ums, hat sich das Antoniusheim entschieden, eine \u201eStadtWette\u201c ins Leben zu rufen. Das Format \u201eStadtWette\u201c ist spielerisch, leicht und motivierend \u2013 das Thema aber ernst gemeint: Ist Fulda eine sozial entwickelte Stadt, eine Stadt mit engagierten B\u00fcrgern? Oder gibt es Nachholbedarf?<\/p>\n<p>Daher wettete der Gesch\u00e4ftsf\u00fchrer des Antoniusheims, Rainer Sippel, gegen den damaligen Oberb\u00fcrgermeister der Stadt Fulda, Gerhard M\u00f6ller, dass er es nicht schaffe, seine B\u00fcrger so zu mobilisieren, dass sie mindestens 111 Beispiele eines gelungenen Miteinanders von Menschen mit und ohne geistige Behinderung einreichen w\u00fcrden. Start der der \u201eStadtWette\u201c war der diesj\u00e4hrige Rosenmontagsumzug in Fulda. Auf einem Motivwagen mit gro\u00dfen \u201eSchwellkopp\u201c von Gerhard M\u00f6ller wurde auf die Aktion aufmerksam gemacht.<\/p>\n<p>Nat\u00fcrlich w\u00fcnscht sich auch das Antoniusheim, dass der OB gewinnt; aber Fulda soll ja in Bewegung gesetzt werden. Und daf\u00fcr w\u00fcrde Rainer Sippel seine Wette sicherlich gerne verlieren.<\/p>\n<p>Um der Wette noch die n\u00f6tige W\u00fcrze zu verleihen, haben sich die beiden Kontrahenten noch spannende Wetteins\u00e4tze ausgedacht: Verliert Sippel, gibt es im Rahmen des Argar Kultur Tages am 4. Oktober auf dem Haimbacher Antonius-Hof umsonst Kartoffelsuppe f\u00fcr alle anwesenden B\u00fcrger. Verliert M\u00f6ller, arbeitet er einen Tag lang ehrenamtlich im Antoniusheim mit und die Amtskapelle der Stadt spielt bei einem Event des Antoniusheims auf.<\/p>\n<p>Jetzt, ein gutes halbes Jahr sp\u00e4ter, n\u00e4hert sich die Wette ihrem H\u00f6hepunkt. In einer von Rudi Cerne moderierten Show wird am 25. September im Stadtsaal Fulda die Wette aufgel\u00f6st: Haben die Fuldaer B\u00fcrgerinnen und B\u00fcrger es geschafft und mehr als 111 Inklusionsbeispiele eingereicht?<\/p>\n<p>Es wird spannend.<\/p>\n<p>Im Rahmen dieses unterhaltsamen Abends, werden unter den Einsendungen auch f\u00fcnf so genannte \u201eBest Practice\u201c Beispiele vorgestellt. Diese Beispiele kommen aus f\u00fcnf Kategorien, denen die Einsendungen der B\u00fcrgerinnen und B\u00fcrger zugeteilt wurden. Der Gewinner der jeweiligen Kategorie wurde von einem zugeordneten Jurymitglied ausgew\u00e4hlt.<\/p>\n<p>In der \u00dcbersicht:<br \/>\nKategorie Arbeit: Monika Hau\u00df-Schmid (Unternehmerin und IHK Fulda Vizepr\u00e4sidentin)<br \/>\nKategorie Freizeit: Dr. Heiko Wingenfeld (neuer Oberb\u00fcrgermeister Fulda)<br \/>\nKategorie Sport: Jan-Phillip Glania (R\u00fcckenschwimmer, Bronze bei den Schwimmeuropameisterschaften 2014 100 m R\u00fccken, Bronze bei den Schwimmweltmeisterschaften 2015 4 x 100 m Lagen Mixed-Staffel. Olympiateilnehmer 2012 und 2016)<br \/>\nKategorie Kultur: Dr. Markus Miller (Museumsdirektor Schloss Fasanerie Eichenzell)<br \/>\nKategorie Bildung: Prof. Dr. Karim Khakzar (Pr\u00e4sident der Hochschule Fulda)<\/p>\n<p>Die einzelnen Gewinner-Projekte der Kategorien werden jeweils mit einem Preisgeld in H\u00f6he von 1111 Euro bedacht und mit einem kurzen Filmeinspieler dem Publikum vorgestellt.<\/p>\n<p>Am Ende des Showabends warten dann zwei weitere gro\u00dfe Highlights: Die Aufl\u00f6sung der Wette und die Frage, ob sich Fulda zuk\u00fcnftig als \u201einklusivste Stadt Deutschlands\u201c schm\u00fccken darf. Beim Deutschen Rekordinsitut wurde dieses Rekordvorhaben eingereicht.<\/p>\n","protected":false},"excerpt":{"rendered":"<div class=\"tmnf_excerpt\"><p>Die Fuldaer B\u00fcrgerstiftung \u201eAntoniusheim\u201c wird in diesem Jahr 111 Jahre. Seit dieser Zeit setzen sich die Mitarbeiter f\u00fcr bessere Lebens- und Berufsbedingungen f\u00fcr Menschen mit einer geistigen Behinderung ein. Auf Grund des nicht ganz allt\u00e4glichen Jubil\u00e4ums, hat sich das Antoniusheim entschieden, eine \u201eStadtWette\u201c ins Leben zu rufen. Das Format \u201eStadtWette\u201c ist spielerisch, leicht und motivierend &hellip;<\/p>\n<\/div>","protected":false},"author":1,"featured_media":143237,"comment_status":"closed","ping_status":"closed","sticky":false,"template":"","format":"standard","meta":{"footnotes":""},"categories":[1],"tags":[],"class_list":["post-143233","post","type-post","status-publish","format-standard","has-post-thumbnail","hentry","category-startseite"],"_links":{"self":[{"href":"https:\/\/www.fuldaernachrichten.de\/index.php?rest_route=\/wp\/v2\/posts\/143233","targetHints":{"allow":["GET"]}}],"collection":[{"href":"https:\/\/www.fuldaernachrichten.de\/index.php?rest_route=\/wp\/v2\/posts"}],"about":[{"href":"https:\/\/www.fuldaernachrichten.de\/index.php?rest_route=\/wp\/v2\/types\/post"}],"author":[{"embeddable":true,"href":"https:\/\/www.fuldaernachrichten.de\/index.php?rest_route=\/wp\/v2\/users\/1"}],"replies":[{"embeddable":true,"href":"https:\/\/www.fuldaernachrichten.de\/index.php?rest_route=%2Fwp%2Fv2%2Fcomments&post=143233"}],"version-history":[{"count":1,"href":"https:\/\/www.fuldaernachrichten.de\/index.php?rest_route=\/wp\/v2\/posts\/143233\/revisions"}],"predecessor-version":[{"id":143238,"href":"https:\/\/www.fuldaernachrichten.de\/index.php?rest_route=\/wp\/v2\/posts\/143233\/revisions\/143238"}],"wp:featuredmedia":[{"embeddable":true,"href":"https:\/\/www.fuldaernachrichten.de\/index.php?rest_route=\/wp\/v2\/media\/143237"}],"wp:attachment":[{"href":"https:\/\/www.fuldaernachrichten.de\/index.php?rest_route=%2Fwp%2Fv2%2Fmedia&parent=143233"}],"wp:term":[{"taxonomy":"category","embeddable":true,"href":"https:\/\/www.fuldaernachrichten.de\/index.php?rest_route=%2Fwp%2Fv2%2Fcategories&post=143233"},{"taxonomy":"post_tag","embeddable":true,"href":"https:\/\/www.fuldaernachrichten.de\/index.php?rest_route=%2Fwp%2Fv2%2Ftags&post=143233"}],"curies":[{"name":"wp","href":"https:\/\/api.w.org\/{rel}","templated":true}]}}