{"id":143226,"date":"2015-09-17T16:51:35","date_gmt":"2015-09-17T14:51:35","guid":{"rendered":"http:\/\/www.fuldaer-nachrichten.de\/?p=143226"},"modified":"2015-09-17T16:52:28","modified_gmt":"2015-09-17T14:52:28","slug":"vitanas-senioren-centrum-fulda-galerie-unter-neuer-leitung-sindy-ritter-birnbach-als-centrumsleiterin-vorgestellt","status":"publish","type":"post","link":"https:\/\/www.fuldaernachrichten.de\/?p=143226","title":{"rendered":"Vitanas Senioren Centrum Fulda Galerie unter neuer Leitung &#8211; Sindy Ritter-Birnbach als Centrumsleiterin vorgestellt"},"content":{"rendered":"<p>Die Leitung des Vitanas Senioren Centrums Fulda Galerie ist neu geregelt: Von ihrem Vorg\u00e4nger Thorsten Roch \u00fcbernimmt Sindy Ritter-Birnbach ein modernes Pflegeheim mit betreuten Wohnungen, das erst im M\u00e4rz diesen Jahres er\u00f6ffnet wurde und 136 Senioren ein umsorgtes Zuhause bietet.<\/p>\n<p>Die gelernte Krankenschwester war an unterschiedlichen Kliniken t\u00e4tig, davon mehrere Jahre als Stationsleiterin in einem Kasseler Akutkrankenhaus. Seit 1997 arbeitete sie in der ambulanten Pflege, unter anderem bei der Arbeiterwohlfahrt an den Standorten Kassel und Baunatal als Pflegedienstleiterin. Die 49-J\u00e4hrige ist verheiratet und hat einen erwachsenen Sohn.<br \/>\nSeit 1. August 2015 ist Sindy Ritter-Birnbach als neue Centrumsleiterin bei Vitanas t\u00e4tig und f\u00fchlt sich in Fulda sehr wohl: \u201eDie neue Stelle bietet f\u00fcr mich eine reizvolle Perspektive, meine beruflichen und pers\u00f6nlichen Kompetenzen mit den neuen Anforderungen des tollen Hauses an einem neuen Standort zu verbinden. Dieser Herausforderung stelle ich mich mit vollem Engagement getreu dem Vitanas Motto \u00e2\u20ac\u0161Von Menschen &#8211; f\u00fcr Menschen\u00e2\u20ac\u02dc, das ich sehr passend finde.&#8221;<\/p>\n","protected":false},"excerpt":{"rendered":"<div class=\"tmnf_excerpt\"><p>Die Leitung des Vitanas Senioren Centrums Fulda Galerie ist neu geregelt: Von ihrem Vorg\u00e4nger Thorsten Roch \u00fcbernimmt Sindy Ritter-Birnbach ein modernes Pflegeheim mit betreuten Wohnungen, das erst im M\u00e4rz diesen Jahres er\u00f6ffnet wurde und 136 Senioren ein umsorgtes Zuhause bietet. Die gelernte Krankenschwester war an unterschiedlichen Kliniken t\u00e4tig, davon mehrere Jahre als Stationsleiterin in einem &hellip;<\/p>\n<\/div>","protected":false},"author":1,"featured_media":143227,"comment_status":"closed","ping_status":"closed","sticky":false,"template":"","format":"standard","meta":{"footnotes":""},"categories":[51],"tags":[],"class_list":["post-143226","post","type-post","status-publish","format-standard","has-post-thumbnail","hentry","category-medizin"],"_links":{"self":[{"href":"https:\/\/www.fuldaernachrichten.de\/index.php?rest_route=\/wp\/v2\/posts\/143226","targetHints":{"allow":["GET"]}}],"collection":[{"href":"https:\/\/www.fuldaernachrichten.de\/index.php?rest_route=\/wp\/v2\/posts"}],"about":[{"href":"https:\/\/www.fuldaernachrichten.de\/index.php?rest_route=\/wp\/v2\/types\/post"}],"author":[{"embeddable":true,"href":"https:\/\/www.fuldaernachrichten.de\/index.php?rest_route=\/wp\/v2\/users\/1"}],"replies":[{"embeddable":true,"href":"https:\/\/www.fuldaernachrichten.de\/index.php?rest_route=%2Fwp%2Fv2%2Fcomments&post=143226"}],"version-history":[{"count":2,"href":"https:\/\/www.fuldaernachrichten.de\/index.php?rest_route=\/wp\/v2\/posts\/143226\/revisions"}],"predecessor-version":[{"id":143231,"href":"https:\/\/www.fuldaernachrichten.de\/index.php?rest_route=\/wp\/v2\/posts\/143226\/revisions\/143231"}],"wp:featuredmedia":[{"embeddable":true,"href":"https:\/\/www.fuldaernachrichten.de\/index.php?rest_route=\/wp\/v2\/media\/143227"}],"wp:attachment":[{"href":"https:\/\/www.fuldaernachrichten.de\/index.php?rest_route=%2Fwp%2Fv2%2Fmedia&parent=143226"}],"wp:term":[{"taxonomy":"category","embeddable":true,"href":"https:\/\/www.fuldaernachrichten.de\/index.php?rest_route=%2Fwp%2Fv2%2Fcategories&post=143226"},{"taxonomy":"post_tag","embeddable":true,"href":"https:\/\/www.fuldaernachrichten.de\/index.php?rest_route=%2Fwp%2Fv2%2Ftags&post=143226"}],"curies":[{"name":"wp","href":"https:\/\/api.w.org\/{rel}","templated":true}]}}