{"id":143204,"date":"2015-09-17T16:47:14","date_gmt":"2015-09-17T14:47:14","guid":{"rendered":"http:\/\/www.fuldaer-nachrichten.de\/?p=143204"},"modified":"2015-09-17T16:47:14","modified_gmt":"2015-09-17T14:47:14","slug":"wirtschaftsjunioren-zu-gast-bei-der-geis-gruppe","status":"publish","type":"post","link":"https:\/\/www.fuldaernachrichten.de\/?p=143204","title":{"rendered":"Wirtschaftsjunioren zu Gast bei der Geis Gruppe"},"content":{"rendered":"<p>Die Geis Gruppe wurde 1948 im fr\u00e4nkischen Bad Neustadt gegru\u00cc\u02c6ndet und hat seit u\u00cc\u02c6ber 20 Jahren eine Niederlassung in Fulda\/Eichenzell. Von hier aus werden europaweite Landverkehre und Logistikprojekte realisiert. Ku\u00cc\u02c6rzlich besuchten die Wirtschaftsjunioren das neue Logistikzentrum in Eichenzell, das Anfang April er\u00f6ffnet wurde.<\/p>\n<p>Dieter Balling, Vertriebsleiter in Eichenzell und Mitglied bei den WJ Fulda, hatte die jungen Fu\u00cc\u02c6hrungskr\u00e4fte eingeladen, einen Blick hinter die Kulissen des Logistikzentrums zu werfen. Bei hohen Au\u00dfentemperaturen genossen die G\u00e4ste das Klima in den wohltemperierten R\u00e4umlichkeiten. Niederlassungsleiter Ramon Walter stellte das unabh\u00e4ngige Familienunternehmen vor und fu\u00cc\u02c6hrte die Besucher durch die neuen Hallen. In nur zwei Generationen hat sich die Hans Geis GmbH + Co KG vom Fuhrunternehmen zum weltweiten Logistikdienstleister entwickelt. Das Unternehmen besch\u00e4ftigt an 140 Standorten in Europa 6022 Mitarbeiter. Insgesamt stehen 653.000 Quadratmeter Logistik- und Umschlagfl\u00e4che zur Verfu\u00cc\u02c6gung. Mit einem Fuhrpark von insgesamt 2200 Fahrzeugen werden j\u00e4hrlich 7,37 Millionen Transportauftr\u00e4ge abgewickelt, darunter 10,52 Millionen Paketsendungen. Im Industriepark Rh\u00f6n hat die Geis Gruppe zehn Millionen investiert. Hier arbeiten zurzeit 67 Mitarbeiterinnen und Mitarbeiter (inkl. Azubis\/Umschu\u00cc\u02c6ler). Der nach neuesten Erkenntnissen entwickelte, projektierte und schlu\u00cc\u02c6sselfertig erstellte Geb\u00e4udekomplex umfasst zudem rund 1200 Quadratmeter Bu\u00cc\u02c6rofl\u00e4che. Ein Teil davon wurde als Erweiterungsfl\u00e4che konzipiert. Um fu\u00cc\u02c6r eine m\u00f6gliche Erweiterung in den n\u00e4chsten Jahren geru\u00cc\u02c6stet zu sein, wurde zudem ein weiteres Grundstu\u00cc\u02c6ck erworben. Das rund 6000 Quadratmeter gro\u00dfe Umschlaglager, kann von zwei Seiten aus an jeweils u\u00cc\u02c6ber 30 Toren fu\u00cc\u02c6r Mega-Liner angefahren werden. Gro\u00dfer Wert wurde auf Nachhaltigkeit gelegt. So stehen fu\u00cc\u02c6r LKWs eine Tankstelle sowie eine eigene Waschanlage zur Verfu\u00cc\u02c6gung, die aus Frostschutzgru\u00cc\u02c6nden in die Halle integriert wurde. Sie wird ausschlie\u00dflich aus dem anfallenden Regenwasser aus Zisternen gespeist. \u00dcber eine Durchfahrtsrampe k\u00f6nnen volumin\u00f6se und lange Gu\u00cc\u02c6ter, wetterunabh\u00e4ngig und materialschonend in der Halle ent-\/beladen werden. Das Unternehmen hatte sich im Jahr 2012 fu\u00cc\u02c6r den Standort im interkommunalen Gewerbegebiet in Eichenzell-Kerzell entschieden, weil er logistisch an einem Autobahnkreuz gelegen ist. Von hier aus k\u00f6nnen sowohl der Stu\u00cc\u02c6ckgutverkehr als auch der Linienverkehr bedient werden.<\/p>\n<p>Daru\u00cc\u02c6ber hinaus ist das Unternehmen seit u\u00cc\u02c6ber 20 Jahren Gebietsspediteur fu\u00cc\u02c6r die Automobilindustrie. \u201eMich hat beeindruckt, wie der Gedanke der Nachhaltigkeit konsequent umgesetzt wurde\u201c, stellte Wirtschaftsjunior Johannes Hohmann fest, der die Betriebsbesichtigung organisierte. \u201eZudem ist die hohe Investition ein Bekenntnis zum Standort.\u201c Nach dem Rundgang klang der Abend bei einem Snack mit anregenden Gespr\u00e4chen aus.<\/p>\n","protected":false},"excerpt":{"rendered":"<div class=\"tmnf_excerpt\"><p>Die Geis Gruppe wurde 1948 im fr\u00e4nkischen Bad Neustadt gegru\u00cc\u02c6ndet und hat seit u\u00cc\u02c6ber 20 Jahren eine Niederlassung in Fulda\/Eichenzell. Von hier aus werden europaweite Landverkehre und Logistikprojekte realisiert. Ku\u00cc\u02c6rzlich besuchten die Wirtschaftsjunioren das neue Logistikzentrum in Eichenzell, das Anfang April er\u00f6ffnet wurde. Dieter Balling, Vertriebsleiter in Eichenzell und Mitglied bei den WJ Fulda, hatte &hellip;<\/p>\n<\/div>","protected":false},"author":1,"featured_media":143209,"comment_status":"closed","ping_status":"closed","sticky":false,"template":"","format":"standard","meta":{"footnotes":""},"categories":[29],"tags":[],"class_list":["post-143204","post","type-post","status-publish","format-standard","has-post-thumbnail","hentry","category-politik"],"_links":{"self":[{"href":"https:\/\/www.fuldaernachrichten.de\/index.php?rest_route=\/wp\/v2\/posts\/143204","targetHints":{"allow":["GET"]}}],"collection":[{"href":"https:\/\/www.fuldaernachrichten.de\/index.php?rest_route=\/wp\/v2\/posts"}],"about":[{"href":"https:\/\/www.fuldaernachrichten.de\/index.php?rest_route=\/wp\/v2\/types\/post"}],"author":[{"embeddable":true,"href":"https:\/\/www.fuldaernachrichten.de\/index.php?rest_route=\/wp\/v2\/users\/1"}],"replies":[{"embeddable":true,"href":"https:\/\/www.fuldaernachrichten.de\/index.php?rest_route=%2Fwp%2Fv2%2Fcomments&post=143204"}],"version-history":[{"count":1,"href":"https:\/\/www.fuldaernachrichten.de\/index.php?rest_route=\/wp\/v2\/posts\/143204\/revisions"}],"predecessor-version":[{"id":143210,"href":"https:\/\/www.fuldaernachrichten.de\/index.php?rest_route=\/wp\/v2\/posts\/143204\/revisions\/143210"}],"wp:featuredmedia":[{"embeddable":true,"href":"https:\/\/www.fuldaernachrichten.de\/index.php?rest_route=\/wp\/v2\/media\/143209"}],"wp:attachment":[{"href":"https:\/\/www.fuldaernachrichten.de\/index.php?rest_route=%2Fwp%2Fv2%2Fmedia&parent=143204"}],"wp:term":[{"taxonomy":"category","embeddable":true,"href":"https:\/\/www.fuldaernachrichten.de\/index.php?rest_route=%2Fwp%2Fv2%2Fcategories&post=143204"},{"taxonomy":"post_tag","embeddable":true,"href":"https:\/\/www.fuldaernachrichten.de\/index.php?rest_route=%2Fwp%2Fv2%2Ftags&post=143204"}],"curies":[{"name":"wp","href":"https:\/\/api.w.org\/{rel}","templated":true}]}}