{"id":143188,"date":"2015-09-17T09:48:59","date_gmt":"2015-09-17T07:48:59","guid":{"rendered":"http:\/\/www.fuldaer-nachrichten.de\/?p=143188"},"modified":"2015-09-17T09:48:59","modified_gmt":"2015-09-17T07:48:59","slug":"hessische-landesregierung-schreibt-preis-fuer-tierschutz-in-der-landwirtschaft-aus","status":"publish","type":"post","link":"https:\/\/www.fuldaernachrichten.de\/?p=143188","title":{"rendered":"Hessische Landesregierung schreibt Preis f\u00fcr \u201eTierschutz in der Landwirtschaft\u201c aus"},"content":{"rendered":"<p>\u201eDie Verbesserung des Tierwohls ist vielen Landwirtinnen und Landwirten ein gro\u00dfes Anliegen und im Kleinen wird schon viel daf\u00fcr getan. Denn Verbesserungen einer tiergerechteren Haltungsbedingung sind nicht immer mit hohem Aufwand verbunden\u201c, sagte Priska Hinz am Donnerstag in Wiesbaden. Darum schreibt die Hessische Landesregierung erstmalig den Wettbewerb \u201eTierschutz in der Landwirtschaft\u201c aus. Gesucht werden hessische Landwirtschaftsbetriebe, die innovative Ideen und gelungene Beispiele aus der Praxis, zur Verbesserung des Wohlbefindens von Nutztieren anwenden. Besonders interessant sind beispielsweise bauliche, technische oder organisatorische Ma\u00dfnahmen, die leicht umsetzbar und in Tierhaltungen erfolgreich eingesetzt werden. \u201eMit dem Preis k\u00f6nnte ein bereits erfolgreich umgesetztes Konzept ganz oder in Teilen refinanziert werden. Zus\u00e4tzlich wollen wir die privaten Initiativen der Landwirte auch einer breiten \u00d6ffentlichkeit bekannt machen und andere landwirtschaftlichen Betriebe zum Mitmachen motivieren\u201c, erkl\u00e4rte Ministerin Hinz.<\/p>\n<p>Um den Preis \u201eTierschutz in der Landwirtschaft\u201c k\u00f6nnen sich alle in Hessen ans\u00e4ssigen landwirtschaftlichen Nutztierhalter bewerben. Sie k\u00f6nnen auch von Dritten, das Einverst\u00e4ndnis der betroffenen Person vorausgesetzt,\u00c2\u00a0 vorgeschlagen werden. Bewerbungsfrist ist der 18. Oktober 2015. Weitere Informationen sind bei der Landesbeauftragten f\u00fcr den Tierschutz, Dr. Madeleine Martin, (0611) 815-1090 oder per E-Mail: tierschutz@umwelt.hessen.de erh\u00e4ltlich. Sie stehen auch unter der Rubrik ,Wir \u00fcber uns\u00e2\u20ac\u02dc auf www.tierschutz.hessen.de zum Download bereit.<\/p>\n<p>Aus den eingereichten Vorschl\u00e4gen wird eine achtk\u00f6pfige Jury den Preistr\u00e4ger ermitteln. Der Preis ist mit 4.000 \u00e2\u201a\u00ac dotiert und kann geteilt vergeben werden. Die Auszeichnung wird von Landwirtschaftsministerin Priska Hinz \u00fcberreicht.<\/p>\n","protected":false},"excerpt":{"rendered":"<div class=\"tmnf_excerpt\"><p>\u201eDie Verbesserung des Tierwohls ist vielen Landwirtinnen und Landwirten ein gro\u00dfes Anliegen und im Kleinen wird schon viel daf\u00fcr getan. Denn Verbesserungen einer tiergerechteren Haltungsbedingung sind nicht immer mit hohem Aufwand verbunden\u201c, sagte Priska Hinz am Donnerstag in Wiesbaden. Darum schreibt die Hessische Landesregierung erstmalig den Wettbewerb \u201eTierschutz in der Landwirtschaft\u201c aus. Gesucht werden hessische &hellip;<\/p>\n<\/div>","protected":false},"author":1,"featured_media":0,"comment_status":"closed","ping_status":"closed","sticky":false,"template":"","format":"standard","meta":{"footnotes":""},"categories":[1],"tags":[],"class_list":["post-143188","post","type-post","status-publish","format-standard","hentry","category-startseite"],"_links":{"self":[{"href":"https:\/\/www.fuldaernachrichten.de\/index.php?rest_route=\/wp\/v2\/posts\/143188","targetHints":{"allow":["GET"]}}],"collection":[{"href":"https:\/\/www.fuldaernachrichten.de\/index.php?rest_route=\/wp\/v2\/posts"}],"about":[{"href":"https:\/\/www.fuldaernachrichten.de\/index.php?rest_route=\/wp\/v2\/types\/post"}],"author":[{"embeddable":true,"href":"https:\/\/www.fuldaernachrichten.de\/index.php?rest_route=\/wp\/v2\/users\/1"}],"replies":[{"embeddable":true,"href":"https:\/\/www.fuldaernachrichten.de\/index.php?rest_route=%2Fwp%2Fv2%2Fcomments&post=143188"}],"version-history":[{"count":1,"href":"https:\/\/www.fuldaernachrichten.de\/index.php?rest_route=\/wp\/v2\/posts\/143188\/revisions"}],"predecessor-version":[{"id":143194,"href":"https:\/\/www.fuldaernachrichten.de\/index.php?rest_route=\/wp\/v2\/posts\/143188\/revisions\/143194"}],"wp:attachment":[{"href":"https:\/\/www.fuldaernachrichten.de\/index.php?rest_route=%2Fwp%2Fv2%2Fmedia&parent=143188"}],"wp:term":[{"taxonomy":"category","embeddable":true,"href":"https:\/\/www.fuldaernachrichten.de\/index.php?rest_route=%2Fwp%2Fv2%2Fcategories&post=143188"},{"taxonomy":"post_tag","embeddable":true,"href":"https:\/\/www.fuldaernachrichten.de\/index.php?rest_route=%2Fwp%2Fv2%2Ftags&post=143188"}],"curies":[{"name":"wp","href":"https:\/\/api.w.org\/{rel}","templated":true}]}}