{"id":143163,"date":"2015-09-16T17:49:59","date_gmt":"2015-09-16T15:49:59","guid":{"rendered":"http:\/\/www.fuldaer-nachrichten.de\/?p=143163"},"modified":"2015-09-16T17:49:59","modified_gmt":"2015-09-16T15:49:59","slug":"klassik-in-der-festscheune-2","status":"publish","type":"post","link":"https:\/\/www.fuldaernachrichten.de\/?p=143163","title":{"rendered":"Klassik in der Festscheune"},"content":{"rendered":"<p>Am Freitag, 04. September, fand in der Festscheune des Antoniusheims das Konzert \u201eKlassik in der Festscheune\u201c statt. Anl\u00e4sslich des 17 j\u00e4hrigen Bestehens der St. Antonius-Stiftung dankten die Mitglieder der Stiftung den Freunden und F\u00f6rderern mit diesem musikalischen Highlight. Die Nachwuchsk\u00fcnstler des Landesjugendsinfonieorchesters Hessen spielten an diesem Abend Werke von Barock bis zur Moderne und begeisterten damit das Publikum. Im Anschluss an die musikalischen Vortr\u00e4ge gab es im Innenhof einen Empfang mit leckeren K\u00f6stlichkeiten aus der Antonius-K\u00fcche, den die Besucher dazu nutzen, sich \u00fcber das Dargebotene auszutauschen.<\/p>\n<p>Fotos: Marzena Seidel<\/p>\n","protected":false},"excerpt":{"rendered":"<div class=\"tmnf_excerpt\"><p>Am Freitag, 04. September, fand in der Festscheune des Antoniusheims das Konzert \u201eKlassik in der Festscheune\u201c statt. Anl\u00e4sslich des 17 j\u00e4hrigen Bestehens der St. Antonius-Stiftung dankten die Mitglieder der Stiftung den Freunden und F\u00f6rderern mit diesem musikalischen Highlight. Die Nachwuchsk\u00fcnstler des Landesjugendsinfonieorchesters Hessen spielten an diesem Abend Werke von Barock bis zur Moderne und begeisterten &hellip;<\/p>\n<\/div>","protected":false},"author":1,"featured_media":143170,"comment_status":"closed","ping_status":"closed","sticky":false,"template":"","format":"gallery","meta":{"footnotes":""},"categories":[54],"tags":[],"class_list":["post-143163","post","type-post","status-publish","format-gallery","has-post-thumbnail","hentry","category-bildergalerien","post_format-post-format-gallery"],"_links":{"self":[{"href":"https:\/\/www.fuldaernachrichten.de\/index.php?rest_route=\/wp\/v2\/posts\/143163","targetHints":{"allow":["GET"]}}],"collection":[{"href":"https:\/\/www.fuldaernachrichten.de\/index.php?rest_route=\/wp\/v2\/posts"}],"about":[{"href":"https:\/\/www.fuldaernachrichten.de\/index.php?rest_route=\/wp\/v2\/types\/post"}],"author":[{"embeddable":true,"href":"https:\/\/www.fuldaernachrichten.de\/index.php?rest_route=\/wp\/v2\/users\/1"}],"replies":[{"embeddable":true,"href":"https:\/\/www.fuldaernachrichten.de\/index.php?rest_route=%2Fwp%2Fv2%2Fcomments&post=143163"}],"version-history":[{"count":1,"href":"https:\/\/www.fuldaernachrichten.de\/index.php?rest_route=\/wp\/v2\/posts\/143163\/revisions"}],"predecessor-version":[{"id":143179,"href":"https:\/\/www.fuldaernachrichten.de\/index.php?rest_route=\/wp\/v2\/posts\/143163\/revisions\/143179"}],"wp:featuredmedia":[{"embeddable":true,"href":"https:\/\/www.fuldaernachrichten.de\/index.php?rest_route=\/wp\/v2\/media\/143170"}],"wp:attachment":[{"href":"https:\/\/www.fuldaernachrichten.de\/index.php?rest_route=%2Fwp%2Fv2%2Fmedia&parent=143163"}],"wp:term":[{"taxonomy":"category","embeddable":true,"href":"https:\/\/www.fuldaernachrichten.de\/index.php?rest_route=%2Fwp%2Fv2%2Fcategories&post=143163"},{"taxonomy":"post_tag","embeddable":true,"href":"https:\/\/www.fuldaernachrichten.de\/index.php?rest_route=%2Fwp%2Fv2%2Ftags&post=143163"}],"curies":[{"name":"wp","href":"https:\/\/api.w.org\/{rel}","templated":true}]}}