{"id":143133,"date":"2015-09-16T17:42:20","date_gmt":"2015-09-16T15:42:20","guid":{"rendered":"http:\/\/www.fuldaer-nachrichten.de\/?p=143133"},"modified":"2015-09-16T17:42:29","modified_gmt":"2015-09-16T15:42:29","slug":"infoveranstaltung-zur-ausbildung-beim-zoll-2","status":"publish","type":"post","link":"https:\/\/www.fuldaernachrichten.de\/?p=143133","title":{"rendered":"Infoveranstaltung zur Ausbildung beim Zoll"},"content":{"rendered":"<p>Informationen \u00fcber das Auswahlverfahren, den Ablauf und die Inhalte der Ausbildung beim Zoll es am Donnerstag, 26.Juni 2014, um von 16 bis 18:00 Uhr im BiZ der Agentur f\u00fcr Arbeit in Fulda (Eingang Gambettagasse).<br \/>\nMitarbeiter im\u00c2\u00a0 Zolldienst arbeiten\u00c2\u00a0 in den Zolldienststellen vor Ort und sind erste Ansprechpartner f\u00fcr B\u00fcrger und Wirtschaft. In den Kontrolleinheiten \u00fcberpr\u00fcfen sie Fahrzeuge und Personen auf Schmuggelware und gehen aktiv gegen Schwarzarbeit und illegale Besch\u00e4ftigung vor. Als verantwortlicher Sachbearbeiter\/innen in Einrichtungen der Bundesfinanzverwaltung werden T\u00e4tigkeiten, z.B. bei Bundesfinanzdirektionen, dem Zollkriminalamt, den Hauptzoll\u00e4mtern und Zoll\u00e4mtern ausge\u00fcbt.<\/p>\n","protected":false},"excerpt":{"rendered":"<div class=\"tmnf_excerpt\"><p>Informationen \u00fcber das Auswahlverfahren, den Ablauf und die Inhalte der Ausbildung beim Zoll es am Donnerstag, 26.Juni 2014, um von 16 bis 18:00 Uhr im BiZ der Agentur f\u00fcr Arbeit in Fulda (Eingang Gambettagasse). Mitarbeiter im\u00c2\u00a0 Zolldienst arbeiten\u00c2\u00a0 in den Zolldienststellen vor Ort und sind erste Ansprechpartner f\u00fcr B\u00fcrger und Wirtschaft. In den Kontrolleinheiten \u00fcberpr\u00fcfen &hellip;<\/p>\n<\/div>","protected":false},"author":1,"featured_media":0,"comment_status":"closed","ping_status":"closed","sticky":false,"template":"","format":"standard","meta":{"footnotes":""},"categories":[1,53],"tags":[],"class_list":["post-143133","post","type-post","status-publish","format-standard","hentry","category-startseite","category-bildung"],"_links":{"self":[{"href":"https:\/\/www.fuldaernachrichten.de\/index.php?rest_route=\/wp\/v2\/posts\/143133","targetHints":{"allow":["GET"]}}],"collection":[{"href":"https:\/\/www.fuldaernachrichten.de\/index.php?rest_route=\/wp\/v2\/posts"}],"about":[{"href":"https:\/\/www.fuldaernachrichten.de\/index.php?rest_route=\/wp\/v2\/types\/post"}],"author":[{"embeddable":true,"href":"https:\/\/www.fuldaernachrichten.de\/index.php?rest_route=\/wp\/v2\/users\/1"}],"replies":[{"embeddable":true,"href":"https:\/\/www.fuldaernachrichten.de\/index.php?rest_route=%2Fwp%2Fv2%2Fcomments&post=143133"}],"version-history":[{"count":1,"href":"https:\/\/www.fuldaernachrichten.de\/index.php?rest_route=\/wp\/v2\/posts\/143133\/revisions"}],"predecessor-version":[{"id":143137,"href":"https:\/\/www.fuldaernachrichten.de\/index.php?rest_route=\/wp\/v2\/posts\/143133\/revisions\/143137"}],"wp:attachment":[{"href":"https:\/\/www.fuldaernachrichten.de\/index.php?rest_route=%2Fwp%2Fv2%2Fmedia&parent=143133"}],"wp:term":[{"taxonomy":"category","embeddable":true,"href":"https:\/\/www.fuldaernachrichten.de\/index.php?rest_route=%2Fwp%2Fv2%2Fcategories&post=143133"},{"taxonomy":"post_tag","embeddable":true,"href":"https:\/\/www.fuldaernachrichten.de\/index.php?rest_route=%2Fwp%2Fv2%2Ftags&post=143133"}],"curies":[{"name":"wp","href":"https:\/\/api.w.org\/{rel}","templated":true}]}}