{"id":143122,"date":"2015-09-16T17:40:40","date_gmt":"2015-09-16T15:40:40","guid":{"rendered":"http:\/\/www.fuldaer-nachrichten.de\/?p=143122"},"modified":"2015-09-16T17:40:40","modified_gmt":"2015-09-16T15:40:40","slug":"wissenswertes-zu-basalt-und-rhoenvulkanismus","status":"publish","type":"post","link":"https:\/\/www.fuldaernachrichten.de\/?p=143122","title":{"rendered":"Wissenswertes zu Basalt und Rh\u00f6nvulkanismus"},"content":{"rendered":"<p>Natur- und Landschaftsf\u00fchrer Frank G\u00fcmbel vom Verein f\u00fcr Naturkunde Osthessen (VNO) leitet am Sonntag, 27. September 2015, eine gef\u00fchrte Wanderung zum Basaltsteinbruch und zum \u201eGerissenen Berg\u201c bei Klings und wird\u00c2\u00a0 Wissenswertes zum Rh\u00f6nvulkanismus, dem mioz\u00e4nen Klings-Maar und zum historischen Erdrutsch (1562) bei Klings berichten. Treffpunkt ist um 13.00 Uhr am Basaltsteinbruch zwischen Diedorf und Klings. Die Wanderung geh\u00f6rt zum Begleitprogramm \u201eDie Rh\u00f6n \u2013 Geschichte einer Landschaft\u201c im Vonderau Museum Fulda.<\/p>\n","protected":false},"excerpt":{"rendered":"<div class=\"tmnf_excerpt\"><p>Natur- und Landschaftsf\u00fchrer Frank G\u00fcmbel vom Verein f\u00fcr Naturkunde Osthessen (VNO) leitet am Sonntag, 27. September 2015, eine gef\u00fchrte Wanderung zum Basaltsteinbruch und zum \u201eGerissenen Berg\u201c bei Klings und wird\u00c2\u00a0 Wissenswertes zum Rh\u00f6nvulkanismus, dem mioz\u00e4nen Klings-Maar und zum historischen Erdrutsch (1562) bei Klings berichten. Treffpunkt ist um 13.00 Uhr am Basaltsteinbruch zwischen Diedorf und Klings. &hellip;<\/p>\n<\/div>","protected":false},"author":1,"featured_media":0,"comment_status":"closed","ping_status":"closed","sticky":false,"template":"","format":"standard","meta":{"footnotes":""},"categories":[1],"tags":[],"class_list":["post-143122","post","type-post","status-publish","format-standard","hentry","category-startseite"],"_links":{"self":[{"href":"https:\/\/www.fuldaernachrichten.de\/index.php?rest_route=\/wp\/v2\/posts\/143122","targetHints":{"allow":["GET"]}}],"collection":[{"href":"https:\/\/www.fuldaernachrichten.de\/index.php?rest_route=\/wp\/v2\/posts"}],"about":[{"href":"https:\/\/www.fuldaernachrichten.de\/index.php?rest_route=\/wp\/v2\/types\/post"}],"author":[{"embeddable":true,"href":"https:\/\/www.fuldaernachrichten.de\/index.php?rest_route=\/wp\/v2\/users\/1"}],"replies":[{"embeddable":true,"href":"https:\/\/www.fuldaernachrichten.de\/index.php?rest_route=%2Fwp%2Fv2%2Fcomments&post=143122"}],"version-history":[{"count":1,"href":"https:\/\/www.fuldaernachrichten.de\/index.php?rest_route=\/wp\/v2\/posts\/143122\/revisions"}],"predecessor-version":[{"id":143125,"href":"https:\/\/www.fuldaernachrichten.de\/index.php?rest_route=\/wp\/v2\/posts\/143122\/revisions\/143125"}],"wp:attachment":[{"href":"https:\/\/www.fuldaernachrichten.de\/index.php?rest_route=%2Fwp%2Fv2%2Fmedia&parent=143122"}],"wp:term":[{"taxonomy":"category","embeddable":true,"href":"https:\/\/www.fuldaernachrichten.de\/index.php?rest_route=%2Fwp%2Fv2%2Fcategories&post=143122"},{"taxonomy":"post_tag","embeddable":true,"href":"https:\/\/www.fuldaernachrichten.de\/index.php?rest_route=%2Fwp%2Fv2%2Ftags&post=143122"}],"curies":[{"name":"wp","href":"https:\/\/api.w.org\/{rel}","templated":true}]}}