{"id":142911,"date":"2015-09-11T11:51:52","date_gmt":"2015-09-11T09:51:52","guid":{"rendered":"http:\/\/www.fuldaer-nachrichten.de\/?p=142911"},"modified":"2015-09-11T11:51:52","modified_gmt":"2015-09-11T09:51:52","slug":"walter-fach-kraft-auf-zukunft-personal-in-koeln","status":"publish","type":"post","link":"https:\/\/www.fuldaernachrichten.de\/?p=142911","title":{"rendered":"Walter-Fach-Kraft auf Zukunft Personal in K\u00f6ln"},"content":{"rendered":"<p>Walter-Fach-Kraft pr\u00e4sentiert seine Dienstleistungen ab dem 15. September auf Europas gr\u00f6\u00dfter Fachmesse f\u00fcr Personalmanagement \u2013 der Zukunft Personal in K\u00f6ln. Zu finden ist der Spezialist f\u00fcr Arbeitnehmer\u00fcberlassung und Direktvermittlung von Arbeitskr\u00e4ften in Halle 2.1 an Stand Nummer T.10.<\/p>\n<p>\u201eAls Aussteller freuen wir uns auf anregende Gespr\u00e4che mit den Fachbesuchern und skizzieren gerne erste individuelle L\u00f6sungsans\u00e4tze zu allen Fragen rund um den Produktionsfaktor \u00e2\u20ac\u02dcmenschliche Arbeit\u00e2\u20ac\u2122\u201c, erkl\u00e4rt Gesch\u00e4ftsf\u00fchrer Reinhold Kraft. \u201eDabei umfasst unser Portfolio \u00fcber die Arbeitnehmer\u00fcberlassung und Direktvermittlung von Arbeitskr\u00e4ften hinaus auch On-Site-Management, Beratungen zu Arbeits- und Gesundheitsschutz sowie die Unterst\u00fctzung bei der modernen Zeiterfassung.\u201c<\/p>\n<p>Was Walter-Fach-Kraft bei all seinen Dienstleistungen ausmacht, ist der Anspruch, besonders flexibel, schnell und individuell auf Kundenw\u00fcnsche einzugehen. Gesch\u00e4ftsf\u00fchrer J\u00f6rg Walter betont: \u201eUnser Erfolgsrezept ist zum einen unsere Pr\u00e4senz in ganz Deutschland bei gleichzeitig flachen Hierarchien. Zum anderen setzen wir auf die Zufriedenheit unserer Mitarbeiter. Denn zufriedene Mitarbeiter bedeuten in der Konsequenz auch zufriedene Kunden.\u201c<\/p>\n<p>Zum Unternehmen<br \/>\nWalter-Fach-Kraft ist Spezialist f\u00fcr Personalvermittlung und Arbeitnehmer\u00fcberlassung im gewerblichen und kaufm\u00e4nnischen Bereich sowie f\u00fcr Hotellerie und Gastronomie. Was 1997 mit einem Zwei-Mann-B\u00fcro in einer \u201eGarage\u201c begann, ist heute ein erfolgreicher Personaldienstleister mit 2.000 Mitarbeitern. Flache Hierarchien bei gleichzeitig gro\u00dfer Pr\u00e4senz mit nahezu 30 Gesch\u00e4ftsstellen in Deutschland, \u00d6sterreich und Polen zeichnen das inhabergef\u00fchrte Unternehmen mit Hauptsitz in Fulda aus und sorgen f\u00fcr gro\u00dfe Flexibilit\u00e4t und schnelle Reaktionszeiten. Im Mittelpunkt der Unternehmensphilosophie steht der Mensch, denn zufriedene Mitarbeiter bedeuten zufriedene Kunden. Walter-Fach-Kraft ist SCP- und ISO-9001-zertifiziert und Mitglied im Interessenverband Deutscher Zeitarbeitsunternehmen (IGZ) sowie im Bundesarbeitgeberverband der Personaldienstleister (BAP). Weitere Informationen finden Sie unter www.walterfachkraft.deM<\/p>\n","protected":false},"excerpt":{"rendered":"<div class=\"tmnf_excerpt\"><p>Walter-Fach-Kraft pr\u00e4sentiert seine Dienstleistungen ab dem 15. September auf Europas gr\u00f6\u00dfter Fachmesse f\u00fcr Personalmanagement \u2013 der Zukunft Personal in K\u00f6ln. Zu finden ist der Spezialist f\u00fcr Arbeitnehmer\u00fcberlassung und Direktvermittlung von Arbeitskr\u00e4ften in Halle 2.1 an Stand Nummer T.10. \u201eAls Aussteller freuen wir uns auf anregende Gespr\u00e4che mit den Fachbesuchern und skizzieren gerne erste individuelle L\u00f6sungsans\u00e4tze &hellip;<\/p>\n<\/div>","protected":false},"author":1,"featured_media":0,"comment_status":"closed","ping_status":"closed","sticky":false,"template":"","format":"standard","meta":{"footnotes":""},"categories":[53],"tags":[],"class_list":["post-142911","post","type-post","status-publish","format-standard","hentry","category-bildung"],"_links":{"self":[{"href":"https:\/\/www.fuldaernachrichten.de\/index.php?rest_route=\/wp\/v2\/posts\/142911","targetHints":{"allow":["GET"]}}],"collection":[{"href":"https:\/\/www.fuldaernachrichten.de\/index.php?rest_route=\/wp\/v2\/posts"}],"about":[{"href":"https:\/\/www.fuldaernachrichten.de\/index.php?rest_route=\/wp\/v2\/types\/post"}],"author":[{"embeddable":true,"href":"https:\/\/www.fuldaernachrichten.de\/index.php?rest_route=\/wp\/v2\/users\/1"}],"replies":[{"embeddable":true,"href":"https:\/\/www.fuldaernachrichten.de\/index.php?rest_route=%2Fwp%2Fv2%2Fcomments&post=142911"}],"version-history":[{"count":1,"href":"https:\/\/www.fuldaernachrichten.de\/index.php?rest_route=\/wp\/v2\/posts\/142911\/revisions"}],"predecessor-version":[{"id":142912,"href":"https:\/\/www.fuldaernachrichten.de\/index.php?rest_route=\/wp\/v2\/posts\/142911\/revisions\/142912"}],"wp:attachment":[{"href":"https:\/\/www.fuldaernachrichten.de\/index.php?rest_route=%2Fwp%2Fv2%2Fmedia&parent=142911"}],"wp:term":[{"taxonomy":"category","embeddable":true,"href":"https:\/\/www.fuldaernachrichten.de\/index.php?rest_route=%2Fwp%2Fv2%2Fcategories&post=142911"},{"taxonomy":"post_tag","embeddable":true,"href":"https:\/\/www.fuldaernachrichten.de\/index.php?rest_route=%2Fwp%2Fv2%2Ftags&post=142911"}],"curies":[{"name":"wp","href":"https:\/\/api.w.org\/{rel}","templated":true}]}}